{"id":1025,"date":"2015-12-18T12:35:27","date_gmt":"2015-12-18T11:35:27","guid":{"rendered":"http:\/\/www.epefrance.org\/?p=1025"},"modified":"2016-01-07T19:43:48","modified_gmt":"2016-01-07T18:43:48","slug":"certificacao-entrega-de-diplomas-no-consulado-geral-de-portugal-em-lyon","status":"publish","type":"post","link":"https:\/\/www.epefrance.org\/fr\/cerimonia\/certificacao-entrega-de-diplomas-no-consulado-geral-de-portugal-em-lyon\/","title":{"rendered":"Certifica\u00e7\u00e3o &#8211; Entrega de Diplomas no Consulado Geral de Portugal em Lyon"},"content":{"rendered":"<p><a href=\"https:\/\/www.epefrance.org\/wp-content\/uploads\/2015\/12\/IMG_0433.jpg\" rel=\"attachment wp-att-1044\"><img loading=\"lazy\" decoding=\"async\" class=\"alignnone size-medium wp-image-1044\" src=\"https:\/\/www.epefrance.org\/wp-content\/uploads\/2015\/12\/IMG_0433-288x300.jpg\" alt=\"IMG_0433\" width=\"288\" height=\"300\" srcset=\"https:\/\/www.epefrance.org\/wp-content\/uploads\/2015\/12\/IMG_0433-288x300.jpg 288w, https:\/\/www.epefrance.org\/wp-content\/uploads\/2015\/12\/IMG_0433-768x801.jpg 768w, https:\/\/www.epefrance.org\/wp-content\/uploads\/2015\/12\/IMG_0433-982x1024.jpg 982w, https:\/\/www.epefrance.org\/wp-content\/uploads\/2015\/12\/IMG_0433.jpg 1832w\" sizes=\"auto, (max-width: 288px) 100vw, 288px\" \/><\/a><\/p>\n<p>No passado dia 12 de dezembro, teve lugar no Consulado Geral de Portugal em Lyon, a cerim\u00f3nia de entrega dos diplomas de certifica\u00e7\u00e3o (\u00e9poca 2015).<\/p>\n<p>Gentilmente acolhidos pela Sra. C\u00f4nsul Geral de Portugal em Lyon, Dra. F\u00e1tima Mendes, alunos das regi\u00f5es <em>Rh\u00f4ne et Ain<\/em> receberam os diplomas e confraternizaram com os seus colegas, pais, docentes e representantes institucionais. Estiveram, ainda, presentes o Maire de Montluel, M. Daubi\u00e9, a Adjunta de Coordena\u00e7\u00e3o do Ensino Portugu\u00eas em Fran\u00e7a, Dra. Magda Borges e os respons\u00e1veis da Associa\u00e7\u00e3o Portuguesa de Montluel, para al\u00e9m de outros parceiros.<\/p>\n<p>Foi um momento muito emotivo e importante para os jovens e respetivas fam\u00edlias, refor\u00e7ando a consci\u00eancia da import\u00e2ncia da realiza\u00e7\u00e3o de um percurso de aprendizagem da L\u00edngua Portuguesa.<\/p>\n<p>&nbsp;<\/p>\n","protected":false},"excerpt":{"rendered":"<p>No passado dia 12 de dezembro, teve lugar no Consulado Geral de Portugal em Lyon, a cerim\u00f3nia de entrega dos diplomas de certifica\u00e7\u00e3o (\u00e9poca 2015). Gentilmente acolhidos pela Sra. C\u00f4nsul Geral de Portugal em Lyon, Dra. F\u00e1tima Mendes, alunos das regi\u00f5es Rh\u00f4ne et Ain receberam os diplomas e confraternizaram com os seus colegas, pais, docentes [&hellip;]<\/p>\n","protected":false},"author":4,"featured_media":1044,"comment_status":"closed","ping_status":"closed","sticky":false,"template":"","format":"standard","meta":{"_acf_changed":false,"footnotes":""},"categories":[9],"tags":[],"class_list":["post-1025","post","type-post","status-publish","format-standard","has-post-thumbnail","hentry","category-cerimonia"],"acf":[],"_links":{"self":[{"href":"https:\/\/www.epefrance.org\/fr\/wp-json\/wp\/v2\/posts\/1025","targetHints":{"allow":["GET"]}}],"collection":[{"href":"https:\/\/www.epefrance.org\/fr\/wp-json\/wp\/v2\/posts"}],"about":[{"href":"https:\/\/www.epefrance.org\/fr\/wp-json\/wp\/v2\/types\/post"}],"author":[{"embeddable":true,"href":"https:\/\/www.epefrance.org\/fr\/wp-json\/wp\/v2\/users\/4"}],"replies":[{"embeddable":true,"href":"https:\/\/www.epefrance.org\/fr\/wp-json\/wp\/v2\/comments?post=1025"}],"version-history":[{"count":3,"href":"https:\/\/www.epefrance.org\/fr\/wp-json\/wp\/v2\/posts\/1025\/revisions"}],"predecessor-version":[{"id":1045,"href":"https:\/\/www.epefrance.org\/fr\/wp-json\/wp\/v2\/posts\/1025\/revisions\/1045"}],"wp:featuredmedia":[{"embeddable":true,"href":"https:\/\/www.epefrance.org\/fr\/wp-json\/wp\/v2\/media\/1044"}],"wp:attachment":[{"href":"https:\/\/www.epefrance.org\/fr\/wp-json\/wp\/v2\/media?parent=1025"}],"wp:term":[{"taxonomy":"category","embeddable":true,"href":"https:\/\/www.epefrance.org\/fr\/wp-json\/wp\/v2\/categories?post=1025"},{"taxonomy":"post_tag","embeddable":true,"href":"https:\/\/www.epefrance.org\/fr\/wp-json\/wp\/v2\/tags?post=1025"}],"curies":[{"name":"wp","href":"https:\/\/api.w.org\/{rel}","templated":true}]}}