{"id":1480,"date":"2017-02-10T18:42:04","date_gmt":"2017-02-10T17:42:04","guid":{"rendered":"http:\/\/www.epefrance.org\/?p=1480"},"modified":"2017-02-10T18:45:49","modified_gmt":"2017-02-10T17:45:49","slug":"simposio-futuro-portugues-o-futuro-da-lingua-portuguesa-na-europa-lancaster-inglaterra-8-de-abril-2017","status":"publish","type":"post","link":"https:\/\/www.epefrance.org\/fr\/simposio\/simposio-futuro-portugues-o-futuro-da-lingua-portuguesa-na-europa-lancaster-inglaterra-8-de-abril-2017\/","title":{"rendered":"Simp\u00f3sio: \u201cFuturo Portugu\u00eas \u2013 O futuro da l\u00edngua portuguesa na Europa\u201d &#8211; Lancaster (Inglaterra) 8 de abril 2017"},"content":{"rendered":"<p><strong>\u00a0 \u00a0 \u00a0 \u00a0 \u00a0Simp\u00f3sio: \u201cFuturo Portugu\u00eas \u2013 O futuro da l\u00edngua portuguesa na Europa\u201d<\/strong><\/p>\n<p>Lancaster, 8 de Abril, 2017 (s\u00e1bado)<\/p>\n<p>Website: <a href=\"https:\/\/mail.camoes.mne.pt\/owa\/redir.aspx?C=sRCbZjKxSEGvOpYZEyI_chP4g_5ZV9QIYnGaFX6Cksp8oKa2A2rsk21SaOlx_SFPRLQ3SSylbI8.&amp;URL=http%3a%2f%2fwp.lancs.ac.uk%2ffuturo-portugues%2f\" target=\"_blank\">http:\/\/wp.lancs.ac.uk\/futuro-portugues\/<\/a><\/p>\n<p>Oradores convidados:<br \/>\n&#8211; Jo\u00e3o Costa (Secret\u00e1rio de Estado da Educa\u00e7\u00e3o)<br \/>\n&#8211; Tatiana Correia (Co-fundadora e directora do projecto Native Scientist)<br \/>\n&#8211; Adelaide Crist\u00f3v\u00e3o (Coordenadora do Ensino de Portugu\u00eas em Fran\u00e7a, Instituto Cam\u00f5es)<br \/>\n&#8211; Regina Duarte (Coordenadora do Ensino de Portugu\u00eas no Reino Unido, Instituto Cam\u00f5es)<br \/>\n&#8211; Sara Belo Luis (Jornalista, editora executiva da revista VIS\u00c3O)<br \/>\n&#8211; Sofia Martinho (Leitora de Portugu\u00eas, Universidade de Leeds)<br \/>\n&#8211; M\u00e1rcia Fortuna (Adjunta da Coordena\u00e7\u00e3o do Ensino de Portugu\u00eas no Reino Unido, Instituto Cam\u00f5es)<\/p>\n<p>De acordo com o Observat\u00f3rio da Emigra\u00e7\u00e3o, mais de 2,300,000 portugueses vivem actualmente no estrangeiro, a grande maioria residente em pa\u00edses europeus. Este simp\u00f3sio serve para discutir o futuro da l\u00edngua portuguesa na Europa, e particularmente nos dois principais pa\u00edses de destino da emigra\u00e7\u00e3o portuguesa: Reino Unido e Fran\u00e7a.<\/p>\n<p>O programa cient\u00edfico abordar\u00e1 o panorama actual do ensino do portugu\u00eas nas escolas e universidades do Reino Unido e Fran\u00e7a. Quais s\u00e3o os trends actuais? Quais s\u00e3o os desafios para o futuro do portugu\u00eas nestes pa\u00edses? Qual o efeito do Brexit? Ser\u00e3o ainda apresentados case studies sobre a promo\u00e7\u00e3o da l\u00edngua portuguesa, nomeadamente o inovador projecto Native Scientist e a nova escola bilingue em Londres (Anglo-Portuguese School). O simp\u00f3sio concluir\u00e1 com uma Mesa Redonda.<\/p>\n<p>A participa\u00e7\u00e3o no simp\u00f3sio \u00e9 gratuita (e inclui almo\u00e7o e coffee breaks) mas h\u00e1 um limite de 50 vagas.<\/p>\n<p>O evento \u00e9 uma iniciativa da PARSUK (Portuguese Association for Researchers and Students) e conta com o apoio financeiro da Universidade de Lancaster.<\/p>\n<p>Organiza\u00e7\u00e3o: Patrick Pereira Rebuschat (Professor Associado, Universidade Lancaster, Embaixador PARSUK Regi\u00e3o Noroeste). Contacto: p.rebuschat@lancaster.ac.uk<\/p>\n<p>Dr. Patrick Rebuschat<br \/>\nDepartment of Linguistics and English Language<br \/>\nLancaster University<br \/>\nCounty South C73<br \/>\nLancaster LA1 4YL<br \/>\nUnited Kingdom<br \/>\nPersonal website: <a href=\"https:\/\/mail.camoes.mne.pt\/owa\/redir.aspx?C=sRCbZjKxSEGvOpYZEyI_chP4g_5ZV9QIYnGaFX6Cksp8oKa2A2rsk21SaOlx_SFPRLQ3SSylbI8.&amp;URL=http%3a%2f%2fwp.lancs.ac.uk%2frebuschat\" target=\"_blank\">http:\/\/wp.lancs.ac.uk\/rebuschat<\/a><br \/>\nInternational pages: <a href=\"https:\/\/mail.camoes.mne.pt\/owa\/redir.aspx?C=sRCbZjKxSEGvOpYZEyI_chP4g_5ZV9QIYnGaFX6Cksp8oKa2A2rsk21SaOlx_SFPRLQ3SSylbI8.&amp;URL=http%3a%2f%2fwp.lancs.ac.uk%2flinguistics-abroad%2f\" target=\"_blank\">http:\/\/wp.lancs.ac.uk\/linguistics-abroad\/<\/a><\/p>\n","protected":false},"excerpt":{"rendered":"<p>\u00a0 \u00a0 \u00a0 \u00a0 \u00a0Simp\u00f3sio: \u201cFuturo Portugu\u00eas \u2013 O futuro da l\u00edngua portuguesa na Europa\u201d Lancaster, 8 de Abril, 2017 (s\u00e1bado) Website: http:\/\/wp.lancs.ac.uk\/futuro-portugues\/ Oradores convidados: &#8211; Jo\u00e3o Costa (Secret\u00e1rio de Estado da Educa\u00e7\u00e3o) &#8211; Tatiana Correia (Co-fundadora e directora do projecto Native Scientist) &#8211; Adelaide Crist\u00f3v\u00e3o (Coordenadora do Ensino de Portugu\u00eas em Fran\u00e7a, Instituto Cam\u00f5es) [&hellip;]<\/p>\n","protected":false},"author":4,"featured_media":1486,"comment_status":"closed","ping_status":"closed","sticky":false,"template":"","format":"standard","meta":{"_acf_changed":false,"footnotes":""},"categories":[19],"tags":[],"class_list":["post-1480","post","type-post","status-publish","format-standard","has-post-thumbnail","hentry","category-simposio"],"acf":[],"_links":{"self":[{"href":"https:\/\/www.epefrance.org\/fr\/wp-json\/wp\/v2\/posts\/1480","targetHints":{"allow":["GET"]}}],"collection":[{"href":"https:\/\/www.epefrance.org\/fr\/wp-json\/wp\/v2\/posts"}],"about":[{"href":"https:\/\/www.epefrance.org\/fr\/wp-json\/wp\/v2\/types\/post"}],"author":[{"embeddable":true,"href":"https:\/\/www.epefrance.org\/fr\/wp-json\/wp\/v2\/users\/4"}],"replies":[{"embeddable":true,"href":"https:\/\/www.epefrance.org\/fr\/wp-json\/wp\/v2\/comments?post=1480"}],"version-history":[{"count":4,"href":"https:\/\/www.epefrance.org\/fr\/wp-json\/wp\/v2\/posts\/1480\/revisions"}],"predecessor-version":[{"id":1485,"href":"https:\/\/www.epefrance.org\/fr\/wp-json\/wp\/v2\/posts\/1480\/revisions\/1485"}],"wp:featuredmedia":[{"embeddable":true,"href":"https:\/\/www.epefrance.org\/fr\/wp-json\/wp\/v2\/media\/1486"}],"wp:attachment":[{"href":"https:\/\/www.epefrance.org\/fr\/wp-json\/wp\/v2\/media?parent=1480"}],"wp:term":[{"taxonomy":"category","embeddable":true,"href":"https:\/\/www.epefrance.org\/fr\/wp-json\/wp\/v2\/categories?post=1480"},{"taxonomy":"post_tag","embeddable":true,"href":"https:\/\/www.epefrance.org\/fr\/wp-json\/wp\/v2\/tags?post=1480"}],"curies":[{"name":"wp","href":"https:\/\/api.w.org\/{rel}","templated":true}]}}