{"id":1487,"date":"2017-02-15T23:00:29","date_gmt":"2017-02-15T22:00:29","guid":{"rendered":"http:\/\/www.epefrance.org\/?p=1487"},"modified":"2017-02-15T23:29:32","modified_gmt":"2017-02-15T22:29:32","slug":"assistentes-de-portugues-em-franca-ano-letivo-20172018","status":"publish","type":"post","link":"https:\/\/www.epefrance.org\/fr\/candidaturas\/assistentes-de-portugues-em-franca-ano-letivo-20172018\/","title":{"rendered":"Assistentes de Portugu\u00eas em Fran\u00e7a &#8211; ano letivo 2017\/2018"},"content":{"rendered":"<p><a href=\"https:\/\/www.epefrance.org\/wp-content\/uploads\/2017\/02\/ciep.png\"><img loading=\"lazy\" decoding=\"async\" class=\"aligncenter wp-image-1488 size-full\" src=\"https:\/\/www.epefrance.org\/wp-content\/uploads\/2017\/02\/ciep.png\" width=\"395\" height=\"584\" srcset=\"https:\/\/www.epefrance.org\/wp-content\/uploads\/2017\/02\/ciep.png 395w, https:\/\/www.epefrance.org\/wp-content\/uploads\/2017\/02\/ciep-203x300.png 203w\" sizes=\"auto, (max-width: 395px) 100vw, 395px\" \/><\/a><\/p>\n<p>&nbsp;<\/p>\n<p>No \u00e2mbito do programa acima referido, a Secretaria-Geral de Educa\u00e7\u00e3o e Ci\u00eancia torna p\u00fablico, no seu <em>site,<\/em> \u00a0que decorre, at\u00e9 ao pr\u00f3ximo dia 3 de mar\u00e7o, o per\u00edodo de candidatura para Assistentes de Portugu\u00eas em Fran\u00e7a, para o ano letivo de 2017\/2018.<\/p>\n<p style=\"text-align: left;\">Os lugares de Assistente de Portugu\u00eas em Fran\u00e7a destinam-se a jovens estudantes licenciados ou no final da licenciatura com os seguintes requisitos:<\/p>\n<p>&#8211; Ter nacionalidade portuguesa;<\/p>\n<p>&#8211; Ter at\u00e9 30 anos de idade;<\/p>\n<p>&#8211; Possuir compet\u00eancias lingu\u00edsticas em franc\u00eas de n\u00edvel B1 (Quadro Europeu Comum de Refer\u00eancia para as L\u00ednguas).<\/p>\n<p>Para mais informa\u00e7\u00f5es, consultar a p\u00e1gina eletr\u00f3nica do <a href=\"http:\/\/www.ciep.fr\/assistants-etrangers-france\" target=\"_blank\">CIEP<\/a>.Os <a href=\"https:\/\/www.epefrance.org\/wp-content\/uploads\/2017\/02\/dossier-inscription-assistant-etranger.pdf\">dossiers de candidatura<\/a>\u00a0devem ser remetidos pelo correio para o contacto em Portugal, devidamente preenchidos e acompanhados por todos os anexos solicitados, endere\u00e7ados conforme infra indicado.Para qualquer esclarecimento adicional, remeter e-mail para o endere\u00e7o de correio eletr\u00f3nico infra indicado.Contacto em Portugal:<\/p>\n<p>Senhora Dra. Rosalina Rodrigues<br \/>\nSecretaria-Geral da Educa\u00e7\u00e3o e Ci\u00eancia<br \/>\nAvenida 5 de Outubro, n.\u00ba 107, 7.\u00ba<\/p>\n<p>1069-018 Lisboa, Portugal<br \/>\nTelefone: 217811867<br \/>\nCorreio eletr\u00f3nico: <a href=\"mailto:rosalina.rodrigues@sec-geral.mec.pt\">rosalina.rodrigues@sec-geral.mec.pt<\/a><br \/>\nP\u00e1gina eletr\u00f3nica: <a href=\"http:\/\/www.sec-geral.mec.pt\/\">www.sec-geral.mec.pt\/<\/a><\/p>\n<p>&nbsp;<\/p>\n<p>Para\u00a0conhecer melhor o trabalho e a experi\u00eancia vivida pelos assistentes de l\u00edngua, veja os v\u00eddeos realizados por antigos assistentes de l\u00edngua, realizados no \u00e2mbito da comemora\u00e7\u00e3o do 110\u00ba anivers\u00e1rio deste programa:<\/p>\n<p>&nbsp;<\/p>\n<p><a href=\"https:\/\/mail.camoes.mne.pt\/owa\/redir.aspx?C=htekT89b7kmSxyxuw8l6JTuceptrW9QIjvX-vsqGM7zv8e6dKc23wjWaFTmiph9taovWgrBKUJA.&amp;URL=http%3a%2f%2fwww.ciep.fr%2fassistants-etrangers-france%2fresultats-du-concours-video-110-ans-echanges-assistants-langue\">http:\/\/www.ciep.fr\/assistants-etrangers-france\/resultats-du-concours-video-110-ans-echanges-assistants-langue<\/a><\/p>\n<p><a href=\"https:\/\/mail.camoes.mne.pt\/owa\/redir.aspx?C=htekT89b7kmSxyxuw8l6JTuceptrW9QIjvX-vsqGM7zv8e6dKc23wjWaFTmiph9taovWgrBKUJA.&amp;URL=http%3a%2f%2fwww.ciep.fr%2fassistants-etrangers-france%2fresultats-du-concours-video-110-ans-echanges-assistants-langue%2fvideos-des-auters-participants\">http:\/\/www.ciep.fr\/assistants-etrangers-france\/resultats-du-concours-video-110-ans-echanges-assistants-langue\/videos-des-auters-participants<\/a><\/p>\n<p>&nbsp;<\/p>\n","protected":false},"excerpt":{"rendered":"<p>&nbsp; No \u00e2mbito do programa acima referido, a Secretaria-Geral de Educa\u00e7\u00e3o e Ci\u00eancia torna p\u00fablico, no seu site, \u00a0que decorre, at\u00e9 ao pr\u00f3ximo dia 3 de mar\u00e7o, o per\u00edodo de candidatura para Assistentes de Portugu\u00eas em Fran\u00e7a, para o ano letivo de 2017\/2018. Os lugares de Assistente de Portugu\u00eas em Fran\u00e7a destinam-se a jovens estudantes [&hellip;]<\/p>\n","protected":false},"author":4,"featured_media":1493,"comment_status":"closed","ping_status":"closed","sticky":false,"template":"","format":"standard","meta":{"_acf_changed":false,"footnotes":""},"categories":[20],"tags":[],"class_list":["post-1487","post","type-post","status-publish","format-standard","has-post-thumbnail","hentry","category-candidaturas"],"acf":[],"_links":{"self":[{"href":"https:\/\/www.epefrance.org\/fr\/wp-json\/wp\/v2\/posts\/1487","targetHints":{"allow":["GET"]}}],"collection":[{"href":"https:\/\/www.epefrance.org\/fr\/wp-json\/wp\/v2\/posts"}],"about":[{"href":"https:\/\/www.epefrance.org\/fr\/wp-json\/wp\/v2\/types\/post"}],"author":[{"embeddable":true,"href":"https:\/\/www.epefrance.org\/fr\/wp-json\/wp\/v2\/users\/4"}],"replies":[{"embeddable":true,"href":"https:\/\/www.epefrance.org\/fr\/wp-json\/wp\/v2\/comments?post=1487"}],"version-history":[{"count":9,"href":"https:\/\/www.epefrance.org\/fr\/wp-json\/wp\/v2\/posts\/1487\/revisions"}],"predecessor-version":[{"id":1499,"href":"https:\/\/www.epefrance.org\/fr\/wp-json\/wp\/v2\/posts\/1487\/revisions\/1499"}],"wp:featuredmedia":[{"embeddable":true,"href":"https:\/\/www.epefrance.org\/fr\/wp-json\/wp\/v2\/media\/1493"}],"wp:attachment":[{"href":"https:\/\/www.epefrance.org\/fr\/wp-json\/wp\/v2\/media?parent=1487"}],"wp:term":[{"taxonomy":"category","embeddable":true,"href":"https:\/\/www.epefrance.org\/fr\/wp-json\/wp\/v2\/categories?post=1487"},{"taxonomy":"post_tag","embeddable":true,"href":"https:\/\/www.epefrance.org\/fr\/wp-json\/wp\/v2\/tags?post=1487"}],"curies":[{"name":"wp","href":"https:\/\/api.w.org\/{rel}","templated":true}]}}