{"id":1508,"date":"2017-02-22T16:33:58","date_gmt":"2017-02-22T15:33:58","guid":{"rendered":"http:\/\/www.epefrance.org\/?p=1508"},"modified":"2017-02-23T16:48:59","modified_gmt":"2017-02-23T15:48:59","slug":"alerta-paris-contagiado-por-exposicao-viral","status":"publish","type":"post","link":"https:\/\/www.epefrance.org\/fr\/non-classe\/alerta-paris-contagiado-por-exposicao-viral\/","title":{"rendered":"Alerta! Paris contagiado por exposi\u00e7\u00e3o Viral"},"content":{"rendered":"<p>No dia <b>4 de Mar\u00e7o<\/b>, \u00e0s <b>16.00<\/b>, no <b>Palais de la D\u00e9couverte<\/b>, em Paris, o Pavilh\u00e3o do Conhecimento &#8211; Centro Ci\u00eancia Viva apresenta a exposi\u00e7\u00e3o <i>Viral &#8211; uma experi\u00eancia contagiante<\/i> \u00e0 comunidade portuguesa.<\/p>\n<p>O evento <b><i>VIRAL.PT<\/i><\/b> convida o p\u00fablico a conhecer a mostra e a contagiar-se pela ci\u00eancia em portugu\u00eas.<\/p>\n<p>Neste dia, tr\u00eas investigadores portugueses, que desenvolvem projectos cient\u00edficos em institutos de investiga\u00e7\u00e3o e tecnologia franceses, sobem ao palco para contagiar o p\u00fablico com as suas experi\u00eancias profissionais e pessoais. Rita Furtado, do Institut L\u00e9onard de Vinci e presidente da Association des Dipl\u00f4m\u00e9s Portugais en France (AGRAFr); Ana Filipa Roseira, da AGRAFr e Jorge Moura de Sousa, do Institut Pasteur, v\u00e3o falar de doen\u00e7as, ideias, boatos, comportamentos e emo\u00e7\u00f5es que podem tornar-se virais.<\/p>\n<p>Outros cientistas portugueses das \u00e1reas da microbiologia, imunologia e sociologia acompanhar\u00e3o a visita \u00e0 exposi\u00e7\u00e3o para responder \u00e0s perguntas dos mais curiosos.<\/p>\n<p><i>VIRAL<\/i> \u00e9 uma exposi\u00e7\u00e3o interactiva que explora o que \u00e9 o cont\u00e1gio e como funciona, revelando fen\u00f3menos biol\u00f3gicos, sociais e questionando o seu impacto nas nossas vidas. Foi concebida e produzida pelo Pavilh\u00e3o do Conhecimento &#8211; Ci\u00eancia Viva em colabora\u00e7\u00e3o com a Universcience, em Paris, e o Heureka, em Hels\u00ednquia. E foi considerada pelo Center for Advancement of Informal Science Education (CAISE) e pelo Exploratorium de S\u00e3o Francisco como uma das mais not\u00e1veis exposi\u00e7\u00f5es de 2016. Leia o <a href=\"https:\/\/mail.camoes.mne.pt\/owa\/redir.aspx?C=64zIfCLt5EGiJDYRYvARPUAVNAp3YdQIDy7CO8bBUGnSBc0S99IeED3SZKZY1xHF8gLs8VcGva4.&amp;URL=http%3a%2f%2fwww.informalscience.org%2fnews-views%2fyear-informal-science-education-milestones-stem-learning-2016%23.WH_KAPnr6J4.facebook\" target=\"_blank\"> artigo<\/a>.<\/p>\n<p>Nesta iniciativa estar\u00e1 presente Bruno Maquart, Presidente da Universcience; Rosalia Vargas, Presidente da Ci\u00eancia Viva, Jos\u00e9 Filipe Moraes Cabral, Embaixador de Portugal em Fran\u00e7a e Maria Fernanda Rollo, Secret\u00e1ria de Estado da Ci\u00eancia, Tecnologia e Ensino Superior.<\/p>\n<p>Consulte o\u00a0<a href=\"https:\/\/www.epefrance.org\/wp-content\/uploads\/2017\/02\/programa_Viral.pt_.04.03.17.pdf\">programa<\/a>\u00a0do evento.<\/p>\n<p>Descubra mais sobre o projeto, lendo a\u00a0<a href=\"https:\/\/www.epefrance.org\/wp-content\/uploads\/2017\/02\/viral_brochura_pt.pdf\">brochura<\/a>.<\/p>\n<p>J\u00e1 conhece o\u00a0<a href=\"http:\/\/www.pavconhecimento.pt\/home\/\">Pavilh\u00e3o do Conhecimento, Centro Ci\u00eancia Viva?<\/a><\/p>\n<p>&nbsp;<\/p>\n<p>&nbsp;<\/p>\n","protected":false},"excerpt":{"rendered":"<p>No dia 4 de Mar\u00e7o, \u00e0s 16.00, no Palais de la D\u00e9couverte, em Paris, o Pavilh\u00e3o do Conhecimento &#8211; Centro Ci\u00eancia Viva apresenta a exposi\u00e7\u00e3o Viral &#8211; uma experi\u00eancia contagiante \u00e0 comunidade portuguesa. O evento VIRAL.PT convida o p\u00fablico a conhecer a mostra e a contagiar-se pela ci\u00eancia em portugu\u00eas. Neste dia, tr\u00eas investigadores portugueses, [&hellip;]<\/p>\n","protected":false},"author":4,"featured_media":1509,"comment_status":"closed","ping_status":"closed","sticky":false,"template":"","format":"standard","meta":{"_acf_changed":false,"footnotes":""},"categories":[13,1],"tags":[],"class_list":["post-1508","post","type-post","status-publish","format-standard","has-post-thumbnail","hentry","category-exposicao","category-non-classe"],"acf":[],"_links":{"self":[{"href":"https:\/\/www.epefrance.org\/fr\/wp-json\/wp\/v2\/posts\/1508","targetHints":{"allow":["GET"]}}],"collection":[{"href":"https:\/\/www.epefrance.org\/fr\/wp-json\/wp\/v2\/posts"}],"about":[{"href":"https:\/\/www.epefrance.org\/fr\/wp-json\/wp\/v2\/types\/post"}],"author":[{"embeddable":true,"href":"https:\/\/www.epefrance.org\/fr\/wp-json\/wp\/v2\/users\/4"}],"replies":[{"embeddable":true,"href":"https:\/\/www.epefrance.org\/fr\/wp-json\/wp\/v2\/comments?post=1508"}],"version-history":[{"count":1,"href":"https:\/\/www.epefrance.org\/fr\/wp-json\/wp\/v2\/posts\/1508\/revisions"}],"predecessor-version":[{"id":1512,"href":"https:\/\/www.epefrance.org\/fr\/wp-json\/wp\/v2\/posts\/1508\/revisions\/1512"}],"wp:featuredmedia":[{"embeddable":true,"href":"https:\/\/www.epefrance.org\/fr\/wp-json\/wp\/v2\/media\/1509"}],"wp:attachment":[{"href":"https:\/\/www.epefrance.org\/fr\/wp-json\/wp\/v2\/media?parent=1508"}],"wp:term":[{"taxonomy":"category","embeddable":true,"href":"https:\/\/www.epefrance.org\/fr\/wp-json\/wp\/v2\/categories?post=1508"},{"taxonomy":"post_tag","embeddable":true,"href":"https:\/\/www.epefrance.org\/fr\/wp-json\/wp\/v2\/tags?post=1508"}],"curies":[{"name":"wp","href":"https:\/\/api.w.org\/{rel}","templated":true}]}}