{"id":1623,"date":"2017-10-23T22:33:20","date_gmt":"2017-10-23T21:33:20","guid":{"rendered":"http:\/\/www.epefrance.org\/?p=1623"},"modified":"2017-10-24T13:40:00","modified_gmt":"2017-10-24T12:40:00","slug":"recrutamento-local-2o3o-ceb-e-secundario-estrasburgo-22horas","status":"publish","type":"post","link":"https:\/\/www.epefrance.org\/fr\/contratacao-local\/recrutamento-local-2o3o-ceb-e-secundario-estrasburgo-22horas\/","title":{"rendered":"RECRUTAMENTO LOCAL &#8211; 2o\/3o CEB e Secund\u00e1rio &#8211; ESTRASBURGO &#8211; 22horas"},"content":{"rendered":"<h3>Aviso de abertura de procedimento concursal<\/h3>\n<p>Abertura de Procedimento Concursal Simplificado destinado ao recrutamento local de docentes do ensino portugu\u00eas no estrangeiro \u2013 Fran\u00e7a \u2013 Hor\u00e1rio a provimento: STR01 \u2013 2.\u00ba e 3.\u00ba CEB e Secund\u00e1rio \u2013 l\u00edngua francesa. O prazo de apresenta\u00e7\u00e3o das candidaturas termina a 30 de outubro \u00e0s 23.59, hora de Lisboa.<\/p>\n<p><a href=\"http:\/\/www.instituto-camoes.pt\/activity\/o-que-fazemos\/ensinar-portugues\/processos-de-recrutamento\/procedimentos-concursais-epe-2\/18472-franca-2017\">Consulte o aviso aqui.<\/a><\/p>\n<p>&nbsp;<\/p>\n","protected":false},"excerpt":{"rendered":"<p>Aviso de abertura de procedimento concursal Abertura de Procedimento Concursal Simplificado destinado ao recrutamento local de docentes do ensino portugu\u00eas no estrangeiro \u2013 Fran\u00e7a \u2013 Hor\u00e1rio a provimento: STR01 \u2013 2.\u00ba e 3.\u00ba CEB e Secund\u00e1rio \u2013 l\u00edngua francesa. O prazo de apresenta\u00e7\u00e3o das candidaturas termina a 30 de outubro \u00e0s 23.59, hora de Lisboa. [&hellip;]<\/p>\n","protected":false},"author":4,"featured_media":1288,"comment_status":"closed","ping_status":"closed","sticky":false,"template":"","format":"standard","meta":{"_acf_changed":false,"footnotes":""},"categories":[14],"tags":[],"class_list":["post-1623","post","type-post","status-publish","format-standard","has-post-thumbnail","hentry","category-contratacao-local"],"acf":[],"_links":{"self":[{"href":"https:\/\/www.epefrance.org\/fr\/wp-json\/wp\/v2\/posts\/1623","targetHints":{"allow":["GET"]}}],"collection":[{"href":"https:\/\/www.epefrance.org\/fr\/wp-json\/wp\/v2\/posts"}],"about":[{"href":"https:\/\/www.epefrance.org\/fr\/wp-json\/wp\/v2\/types\/post"}],"author":[{"embeddable":true,"href":"https:\/\/www.epefrance.org\/fr\/wp-json\/wp\/v2\/users\/4"}],"replies":[{"embeddable":true,"href":"https:\/\/www.epefrance.org\/fr\/wp-json\/wp\/v2\/comments?post=1623"}],"version-history":[{"count":1,"href":"https:\/\/www.epefrance.org\/fr\/wp-json\/wp\/v2\/posts\/1623\/revisions"}],"predecessor-version":[{"id":1624,"href":"https:\/\/www.epefrance.org\/fr\/wp-json\/wp\/v2\/posts\/1623\/revisions\/1624"}],"wp:featuredmedia":[{"embeddable":true,"href":"https:\/\/www.epefrance.org\/fr\/wp-json\/wp\/v2\/media\/1288"}],"wp:attachment":[{"href":"https:\/\/www.epefrance.org\/fr\/wp-json\/wp\/v2\/media?parent=1623"}],"wp:term":[{"taxonomy":"category","embeddable":true,"href":"https:\/\/www.epefrance.org\/fr\/wp-json\/wp\/v2\/categories?post=1623"},{"taxonomy":"post_tag","embeddable":true,"href":"https:\/\/www.epefrance.org\/fr\/wp-json\/wp\/v2\/tags?post=1623"}],"curies":[{"name":"wp","href":"https:\/\/api.w.org\/{rel}","templated":true}]}}