{"id":1625,"date":"2017-10-25T14:02:21","date_gmt":"2017-10-25T13:02:21","guid":{"rendered":"http:\/\/www.epefrance.org\/?p=1625"},"modified":"2017-10-27T14:21:21","modified_gmt":"2017-10-27T13:21:21","slug":"fundacao-calouste-gulbenkian-em-paris-abertura-concurso-da-voz-a-letra-20172018","status":"publish","type":"post","link":"https:\/\/www.epefrance.org\/fr\/concurso\/fundacao-calouste-gulbenkian-em-paris-abertura-concurso-da-voz-a-letra-20172018\/","title":{"rendered":"Funda\u00e7\u00e3o Calouste Gulbenkian em Paris &#8211; Abertura Concurso D\u00e1 Voz \u00e0 Letra 2017\/2018"},"content":{"rendered":"<p>Informam-se todos os interessados\u00a0 decorrem, at\u00e9 ao pr\u00f3ximo dia 12 de novembro de 2017, as candidaturas ao concurso <strong><em><u>\u201cD\u00e1 voz \u00e0 letra: concurso de leitura em l\u00edngua portuguesa\u201d<\/u><\/em><\/strong>, organizado pela Biblioteca da delega\u00e7\u00e3o da Funda\u00e7\u00e3o Calouste Gulbenkian Paris.<\/p>\n<p>Este concurso, promovido pela Funda\u00e7\u00e3o Calouste Gulbenkian, tem sobretudo como objetivos desenvolver as possibilidades interpretativas da leitura em voz alta, nomeadamente de textos em l\u00edngua portuguesa. Para al\u00e9m disso, este concurso pretende dar a conhecer as tradu\u00e7\u00f5es para a l\u00edngua francesa de textos de autores de l\u00edngua portuguesa.<\/p>\n<p><strong>Os interessados devem candidatar-se de forma individual, ter idades compreendidas entre os<\/strong> <strong>15 e os 18 anos inclusive<\/strong>, <strong>e<\/strong> <strong>frequentar o ensino secund\u00e1rio, p\u00fablico ou privado da regi\u00e3o \u00cele-de-France<\/strong> <strong>(Academias de Cr\u00e9teil, Paris e Versailles<\/strong>).<\/p>\n<p>Para mais informa\u00e7\u00f5es queiaram consultar o cartaz e o flyer, bem como o <strong>regulamento do concurso<\/strong> que cont\u00e9m informa\u00e7\u00f5es completas sobre como participar, sele\u00e7\u00e3o e avalia\u00e7\u00e3o, prazos, j\u00fari e pr\u00e9mios.<\/p>\n<p>Estas informa\u00e7\u00f5es encontram-se igualmente dispon\u00edveis na p\u00e1gina de internet da Funda\u00e7\u00e3o Calouste Gulbenkian em: <a href=\"https:\/\/gulbenkian.pt\/davozaletra\/\" data-saferedirecturl=\"https:\/\/www.google.com\/url?hl=pt-PT&amp;q=https:\/\/gulbenkian.pt\/davozaletra\/&amp;source=gmail&amp;ust=1509193727047000&amp;usg=AFQjCNHtPVr7QsDkaVwtZseeKJ736V0ncw\">https:\/\/gulbenkian.pt\/davozaletra\/<\/a> .<\/p>\n<p>&nbsp;<\/p>\n<p><a href=\"https:\/\/www.epefrance.org\/wp-content\/uploads\/2017\/10\/CARTAZ_DVL.pdf\">CARTAZ<\/a><\/p>\n<p><a href=\"https:\/\/www.epefrance.org\/wp-content\/uploads\/2017\/10\/FLYER_DVL.pdf\">FLYER<\/a><\/p>\n<p><a href=\"https:\/\/www.epefrance.org\/wp-content\/uploads\/2017\/10\/REGULAMENTO_DVL.pdf\">REGULAMENTO<\/a><\/p>\n<p>&nbsp;<\/p>\n","protected":false},"excerpt":{"rendered":"<p>Informam-se todos os interessados\u00a0 decorrem, at\u00e9 ao pr\u00f3ximo dia 12 de novembro de 2017, as candidaturas ao concurso \u201cD\u00e1 voz \u00e0 letra: concurso de leitura em l\u00edngua portuguesa\u201d, organizado pela Biblioteca da delega\u00e7\u00e3o da Funda\u00e7\u00e3o Calouste Gulbenkian Paris. Este concurso, promovido pela Funda\u00e7\u00e3o Calouste Gulbenkian, tem sobretudo como objetivos desenvolver as possibilidades interpretativas da leitura [&hellip;]<\/p>\n","protected":false},"author":4,"featured_media":1632,"comment_status":"closed","ping_status":"closed","sticky":false,"template":"","format":"standard","meta":{"_acf_changed":false,"footnotes":""},"categories":[8],"tags":[],"class_list":["post-1625","post","type-post","status-publish","format-standard","has-post-thumbnail","hentry","category-concurso"],"acf":[],"_links":{"self":[{"href":"https:\/\/www.epefrance.org\/fr\/wp-json\/wp\/v2\/posts\/1625","targetHints":{"allow":["GET"]}}],"collection":[{"href":"https:\/\/www.epefrance.org\/fr\/wp-json\/wp\/v2\/posts"}],"about":[{"href":"https:\/\/www.epefrance.org\/fr\/wp-json\/wp\/v2\/types\/post"}],"author":[{"embeddable":true,"href":"https:\/\/www.epefrance.org\/fr\/wp-json\/wp\/v2\/users\/4"}],"replies":[{"embeddable":true,"href":"https:\/\/www.epefrance.org\/fr\/wp-json\/wp\/v2\/comments?post=1625"}],"version-history":[{"count":1,"href":"https:\/\/www.epefrance.org\/fr\/wp-json\/wp\/v2\/posts\/1625\/revisions"}],"predecessor-version":[{"id":1630,"href":"https:\/\/www.epefrance.org\/fr\/wp-json\/wp\/v2\/posts\/1625\/revisions\/1630"}],"wp:featuredmedia":[{"embeddable":true,"href":"https:\/\/www.epefrance.org\/fr\/wp-json\/wp\/v2\/media\/1632"}],"wp:attachment":[{"href":"https:\/\/www.epefrance.org\/fr\/wp-json\/wp\/v2\/media?parent=1625"}],"wp:term":[{"taxonomy":"category","embeddable":true,"href":"https:\/\/www.epefrance.org\/fr\/wp-json\/wp\/v2\/categories?post=1625"},{"taxonomy":"post_tag","embeddable":true,"href":"https:\/\/www.epefrance.org\/fr\/wp-json\/wp\/v2\/tags?post=1625"}],"curies":[{"name":"wp","href":"https:\/\/api.w.org\/{rel}","templated":true}]}}