{"id":1672,"date":"2018-01-29T12:49:13","date_gmt":"2018-01-29T11:49:13","guid":{"rendered":"http:\/\/www.epefrance.org\/?p=1672"},"modified":"2018-01-30T18:10:53","modified_gmt":"2018-01-30T17:10:53","slug":"cerimonia-de-entrega-dos-certificados-de-lingua-portuguesa-montgeron-28-de-janeiro-de-2018","status":"publish","type":"post","link":"https:\/\/www.epefrance.org\/fr\/cerimonia\/cerimonia-de-entrega-dos-certificados-de-lingua-portuguesa-montgeron-28-de-janeiro-de-2018\/","title":{"rendered":"Cerim\u00f3nia de entrega dos Certificados de L\u00edngua Portuguesa &#8211; Montgeron &#8211; 28 de janeiro de 2018"},"content":{"rendered":"<p>@photocreditM\u00e1rioCantarinha<\/p>\n<p>A 28 de janeiro de 2018, decorreu, em Montgeron (91), a\u00a0Cerim\u00f3nia de entrega dos Certificados de L\u00edngua Portuguesa, relativos ao processo de Certifica\u00e7\u00e3o das Aprendizagens do Cam\u00f5es I.P., que teve lugar a 20 de maio de 2017, em Fran\u00e7a.<\/p>\n<p>Dos 865 alunos que realizaram exame nesta data, 111 deles (provenientes dos departamentos 75, 77, 91, 92 e 94), e respetivas fam\u00edlias, estiveram presentes no evento organizado pela Coordena\u00e7\u00e3o do Ensino Portugu\u00eas em Fran\u00e7a, Cam\u00f5es I.P., em parceria com a Coordena\u00e7\u00e3o das Coletividades Portuguesas em Fran\u00e7a (CCPF), num momento de grande emo\u00e7\u00e3o e festa para as cerca de 550 pessoas presentes.<\/p>\n<p>Num cen\u00e1rio composto pela proje\u00e7\u00e3o de obras de artistas portugueses &#8211; Jos\u00e9 Pedro Croft, Paula R\u00eago, Gra\u00e7a Morais, Rui Chafes, Vhils e Bordalo II, os alunos receberam os respetivos certificados da m\u00e3o das autoridades portuguesas, selando o momento com uma fotografia conjunta, na qual orgulhosamente mostravam os documentos que atestam os seus n\u00edveis de profici\u00eancia em L\u00edngua Portuguesa.<\/p>\n<p>O evento tornou-se ainda mais especial com a participa\u00e7\u00e3o da cantora caboverdiana Ashley que deleitou o p\u00fablico com can\u00e7\u00f5es em Portugu\u00eas, Crioulo e Franc\u00eas e com a demonstra\u00e7\u00e3o de dan\u00e7as de sal\u00e3o de um grupo de jovens bailarinos vindos de Maiorga &#8211; Alcoba\u00e7a.<\/p>\n<p>Marcaram presen\u00e7a no evento as seguintes entidades:<\/p>\n<p><strong>Entidades francesas<\/strong><\/p>\n<p><strong> M. Fran\u00e7ois Durovray<\/strong> \u2013 <em>Pr\u00e9sident de la R\u00e9gion ESSONNE (d\u00e9partement 91)\/ Pr\u00e9sident de la Communaut\u00e9 d\u2019agglom\u00e9ration Val d&rsquo;Yerres et Val de Seine <\/em><\/p>\n<p><strong>Mme. Sylvie Carillon <\/strong>\u2013 <em>Maire de Montgeron \/ Conseill\u00e8re R\u00e9gionale (R\u00e9gion \u00cele-de-France)<\/em><\/p>\n<p><strong>M. Michael Damiati<\/strong> \u2013 <em>Maire de Crosne <\/em><\/p>\n<p><strong>M. Bruno Gallier \u2013 <\/strong><em>Maire de Brunoy \/ Vice-pr\u00e9sident de la Communaut\u00e9 d\u2019agglom\u00e9rations<\/em><\/p>\n<p><strong>Mme. Sandrine Lamir\u00e9 \u2013 <\/strong><em>Conseill\u00e8re R\u00e9gionale (R\u00e9gion \u00cele-de-France)<\/em><\/p>\n<p><strong>Mme. Kellermann <em>\u2013 <\/em><\/strong><em>Pr\u00e9sidente du Comit\u00e9 de Jumelage de la ville de Montgeron avec P\u00f3voa de Varzim<u><br \/>\n<\/u><\/em><\/p>\n<p><em>\u00a0<\/em><strong>Entidades portuguesas<\/strong><\/p>\n<p><strong>\u00a0<\/strong><strong>Dr.<\/strong> <strong>Jos\u00e9 Lu\u00eds Carneiro &#8211; <\/strong>Secret\u00e1rio de Estado das Comunidades Portuguesas<strong><br \/>\n<\/strong><\/p>\n<p><strong>Dr<\/strong>.<strong> Jorge Torres Pereira &#8211;\u00a0<\/strong> Embaixador de Portugal em Fran\u00e7a<strong><br \/>\n<\/strong><\/p>\n<p><strong>Embaixador<\/strong> <strong>Lu\u00eds Faro Ramos &#8211; <\/strong>Presidente do Cam\u00f5es, I.P.<strong><br \/>\n<\/strong><\/p>\n<p><strong>Dr.<\/strong> <strong>Ant\u00f3nio Moniz<\/strong> &#8211; C\u00f4nsul-Geral de Portugal em Paris<\/p>\n<p><strong>Dr.<\/strong> <strong>Miguel Silva<\/strong> &#8211; Adjunto do Secret\u00e1rio de Estado das Comunidades Portuguesas<\/p>\n<p><strong>Dra. Adelaide Crist\u00f3v\u00e3o<\/strong> &#8211; Coordenadora do Ensino Portugu\u00eas em Fran\u00e7a<\/p>\n<p><strong>Dr.<\/strong> <strong>Carlos Gon\u00e7alves<\/strong> &#8211; Deputado da AR pelo c\u00edrculo da Europa<\/p>\n<p><strong>Dr.<\/strong> <strong>Paulo Pisco &#8211; <\/strong>Deputado da AR pelo c\u00edrculo da Europa<strong><br \/>\n<\/strong><\/p>\n<p><strong>\u00a0Outras entidades presentes<\/strong><\/p>\n<p><strong>Dr. David Leite \u2013 <\/strong>Conselheiro Cultural da Embaixada de Cabo Verde<\/p>\n<p><strong>Dr. Rodrigo Randig &#8211; \u00a0<\/strong>Diplomata respons\u00e1vel pela Educa\u00e7\u00e3o<\/p>\n<p><strong>Dr. Ant\u00f3nio Oliveira \u2013 <\/strong>Secret\u00e1rio da ADEPBA <em>(<\/em><em>Association pour le D\u00e9veloppement des Etudes Portugaises, Br\u00e9siliennes, d&rsquo;<\/em><em>Afrique et d&rsquo;Asie lusophones) \/ <\/em>Vice-Presidente da CCPF<\/p>\n<p>&nbsp;<\/p>\n<p>Aqui ficam algumas imagens registadas pelo Dr. Miguel Silva, ilustrando os momentos especiais vividos.<\/p>\n<p><img loading=\"lazy\" decoding=\"async\" class=\"aligncenter size-full wp-image-1704\" src=\"https:\/\/www.epefrance.org\/wp-content\/uploads\/2018\/01\/20180128_160709.jpg\" alt=\"\" width=\"5312\" height=\"2988\" srcset=\"https:\/\/www.epefrance.org\/wp-content\/uploads\/2018\/01\/20180128_160709.jpg 5312w, https:\/\/www.epefrance.org\/wp-content\/uploads\/2018\/01\/20180128_160709-300x169.jpg 300w, https:\/\/www.epefrance.org\/wp-content\/uploads\/2018\/01\/20180128_160709-768x432.jpg 768w, https:\/\/www.epefrance.org\/wp-content\/uploads\/2018\/01\/20180128_160709-1024x576.jpg 1024w, https:\/\/www.epefrance.org\/wp-content\/uploads\/2018\/01\/20180128_160709-678x381.jpg 678w\" sizes=\"auto, (max-width: 5312px) 100vw, 5312px\" \/><\/p>\n<p><img loading=\"lazy\" decoding=\"async\" class=\"aligncenter size-full wp-image-1705\" src=\"https:\/\/www.epefrance.org\/wp-content\/uploads\/2018\/01\/P1000309.jpg\" alt=\"\" width=\"5472\" height=\"3648\" srcset=\"https:\/\/www.epefrance.org\/wp-content\/uploads\/2018\/01\/P1000309.jpg 5472w, https:\/\/www.epefrance.org\/wp-content\/uploads\/2018\/01\/P1000309-300x200.jpg 300w, https:\/\/www.epefrance.org\/wp-content\/uploads\/2018\/01\/P1000309-768x512.jpg 768w, https:\/\/www.epefrance.org\/wp-content\/uploads\/2018\/01\/P1000309-1024x683.jpg 1024w\" sizes=\"auto, (max-width: 5472px) 100vw, 5472px\" \/> <img loading=\"lazy\" decoding=\"async\" class=\"aligncenter size-full wp-image-1706\" src=\"https:\/\/www.epefrance.org\/wp-content\/uploads\/2018\/01\/IMG_3331.jpeg\" alt=\"\" width=\"4032\" height=\"3024\" srcset=\"https:\/\/www.epefrance.org\/wp-content\/uploads\/2018\/01\/IMG_3331.jpeg 4032w, https:\/\/www.epefrance.org\/wp-content\/uploads\/2018\/01\/IMG_3331-300x225.jpeg 300w, https:\/\/www.epefrance.org\/wp-content\/uploads\/2018\/01\/IMG_3331-768x576.jpeg 768w, https:\/\/www.epefrance.org\/wp-content\/uploads\/2018\/01\/IMG_3331-1024x768.jpeg 1024w, https:\/\/www.epefrance.org\/wp-content\/uploads\/2018\/01\/IMG_3331-326x245.jpeg 326w, https:\/\/www.epefrance.org\/wp-content\/uploads\/2018\/01\/IMG_3331-80x60.jpeg 80w\" sizes=\"auto, (max-width: 4032px) 100vw, 4032px\" \/><\/p>\n<p><img loading=\"lazy\" decoding=\"async\" class=\"aligncenter size-full wp-image-1707\" src=\"https:\/\/www.epefrance.org\/wp-content\/uploads\/2018\/01\/IMG_3325.jpeg\" alt=\"\" width=\"4032\" height=\"3024\" srcset=\"https:\/\/www.epefrance.org\/wp-content\/uploads\/2018\/01\/IMG_3325.jpeg 4032w, https:\/\/www.epefrance.org\/wp-content\/uploads\/2018\/01\/IMG_3325-300x225.jpeg 300w, https:\/\/www.epefrance.org\/wp-content\/uploads\/2018\/01\/IMG_3325-768x576.jpeg 768w, https:\/\/www.epefrance.org\/wp-content\/uploads\/2018\/01\/IMG_3325-1024x768.jpeg 1024w, https:\/\/www.epefrance.org\/wp-content\/uploads\/2018\/01\/IMG_3325-326x245.jpeg 326w, https:\/\/www.epefrance.org\/wp-content\/uploads\/2018\/01\/IMG_3325-80x60.jpeg 80w\" sizes=\"auto, (max-width: 4032px) 100vw, 4032px\" \/><img loading=\"lazy\" decoding=\"async\" class=\"aligncenter size-full wp-image-1708\" src=\"https:\/\/www.epefrance.org\/wp-content\/uploads\/2018\/01\/P1000189.jpg\" alt=\"\" width=\"5472\" height=\"3648\" srcset=\"https:\/\/www.epefrance.org\/wp-content\/uploads\/2018\/01\/P1000189.jpg 5472w, https:\/\/www.epefrance.org\/wp-content\/uploads\/2018\/01\/P1000189-300x200.jpg 300w, https:\/\/www.epefrance.org\/wp-content\/uploads\/2018\/01\/P1000189-768x512.jpg 768w, https:\/\/www.epefrance.org\/wp-content\/uploads\/2018\/01\/P1000189-1024x683.jpg 1024w\" sizes=\"auto, (max-width: 5472px) 100vw, 5472px\" \/><img loading=\"lazy\" decoding=\"async\" class=\"aligncenter size-full wp-image-1709\" src=\"https:\/\/www.epefrance.org\/wp-content\/uploads\/2018\/01\/P1000307.jpg\" alt=\"\" width=\"5472\" height=\"3648\" srcset=\"https:\/\/www.epefrance.org\/wp-content\/uploads\/2018\/01\/P1000307.jpg 5472w, https:\/\/www.epefrance.org\/wp-content\/uploads\/2018\/01\/P1000307-300x200.jpg 300w, https:\/\/www.epefrance.org\/wp-content\/uploads\/2018\/01\/P1000307-768x512.jpg 768w, https:\/\/www.epefrance.org\/wp-content\/uploads\/2018\/01\/P1000307-1024x683.jpg 1024w\" sizes=\"auto, (max-width: 5472px) 100vw, 5472px\" \/><\/p>\n","protected":false},"excerpt":{"rendered":"<p>@photocreditM\u00e1rioCantarinha A 28 de janeiro de 2018, decorreu, em Montgeron (91), a\u00a0Cerim\u00f3nia de entrega dos Certificados de L\u00edngua Portuguesa, relativos ao processo de Certifica\u00e7\u00e3o das Aprendizagens do Cam\u00f5es I.P., que teve lugar a 20 de maio de 2017, em Fran\u00e7a. Dos 865 alunos que realizaram exame nesta data, 111 deles (provenientes dos departamentos 75, 77, [&hellip;]<\/p>\n","protected":false},"author":4,"featured_media":1701,"comment_status":"closed","ping_status":"closed","sticky":false,"template":"","format":"standard","meta":{"_acf_changed":false,"footnotes":""},"categories":[9],"tags":[],"class_list":["post-1672","post","type-post","status-publish","format-standard","has-post-thumbnail","hentry","category-cerimonia"],"acf":[],"_links":{"self":[{"href":"https:\/\/www.epefrance.org\/fr\/wp-json\/wp\/v2\/posts\/1672","targetHints":{"allow":["GET"]}}],"collection":[{"href":"https:\/\/www.epefrance.org\/fr\/wp-json\/wp\/v2\/posts"}],"about":[{"href":"https:\/\/www.epefrance.org\/fr\/wp-json\/wp\/v2\/types\/post"}],"author":[{"embeddable":true,"href":"https:\/\/www.epefrance.org\/fr\/wp-json\/wp\/v2\/users\/4"}],"replies":[{"embeddable":true,"href":"https:\/\/www.epefrance.org\/fr\/wp-json\/wp\/v2\/comments?post=1672"}],"version-history":[{"count":16,"href":"https:\/\/www.epefrance.org\/fr\/wp-json\/wp\/v2\/posts\/1672\/revisions"}],"predecessor-version":[{"id":1710,"href":"https:\/\/www.epefrance.org\/fr\/wp-json\/wp\/v2\/posts\/1672\/revisions\/1710"}],"wp:featuredmedia":[{"embeddable":true,"href":"https:\/\/www.epefrance.org\/fr\/wp-json\/wp\/v2\/media\/1701"}],"wp:attachment":[{"href":"https:\/\/www.epefrance.org\/fr\/wp-json\/wp\/v2\/media?parent=1672"}],"wp:term":[{"taxonomy":"category","embeddable":true,"href":"https:\/\/www.epefrance.org\/fr\/wp-json\/wp\/v2\/categories?post=1672"},{"taxonomy":"post_tag","embeddable":true,"href":"https:\/\/www.epefrance.org\/fr\/wp-json\/wp\/v2\/tags?post=1672"}],"curies":[{"name":"wp","href":"https:\/\/api.w.org\/{rel}","templated":true}]}}