{"id":1778,"date":"2018-05-31T10:58:26","date_gmt":"2018-05-31T09:58:26","guid":{"rendered":"http:\/\/www.epefrance.org\/?p=1778"},"modified":"2018-05-31T10:59:03","modified_gmt":"2018-05-31T09:59:03","slug":"estrasburgo-reuniao-de-informacao-12-de-junho-seccao-internacional-portuguesa","status":"publish","type":"post","link":"https:\/\/www.epefrance.org\/fr\/noticias\/estrasburgo-reuniao-de-informacao-12-de-junho-seccao-internacional-portuguesa\/","title":{"rendered":"ESTRASBURGO &#8211; Reuni\u00e3o de Informa\u00e7\u00e3o &#8211; 12 de junho &#8211; Sec\u00e7\u00e3o Internacional Portuguesa"},"content":{"rendered":"<p><img loading=\"lazy\" decoding=\"async\" class=\"aligncenter size-full wp-image-1779\" src=\"https:\/\/www.epefrance.org\/wp-content\/uploads\/2018\/05\/Strasb.junho2018.jpg\" alt=\"\" width=\"874\" height=\"1240\" srcset=\"https:\/\/www.epefrance.org\/wp-content\/uploads\/2018\/05\/Strasb.junho2018.jpg 874w, https:\/\/www.epefrance.org\/wp-content\/uploads\/2018\/05\/Strasb.junho2018-211x300.jpg 211w, https:\/\/www.epefrance.org\/wp-content\/uploads\/2018\/05\/Strasb.junho2018-768x1090.jpg 768w, https:\/\/www.epefrance.org\/wp-content\/uploads\/2018\/05\/Strasb.junho2018-722x1024.jpg 722w\" sizes=\"auto, (max-width: 874px) 100vw, 874px\" \/><\/p>\n","protected":false},"excerpt":{"rendered":"","protected":false},"author":4,"featured_media":1779,"comment_status":"closed","ping_status":"closed","sticky":false,"template":"","format":"standard","meta":{"_acf_changed":false,"footnotes":""},"categories":[11],"tags":[],"class_list":["post-1778","post","type-post","status-publish","format-standard","has-post-thumbnail","hentry","category-noticias"],"acf":[],"_links":{"self":[{"href":"https:\/\/www.epefrance.org\/fr\/wp-json\/wp\/v2\/posts\/1778","targetHints":{"allow":["GET"]}}],"collection":[{"href":"https:\/\/www.epefrance.org\/fr\/wp-json\/wp\/v2\/posts"}],"about":[{"href":"https:\/\/www.epefrance.org\/fr\/wp-json\/wp\/v2\/types\/post"}],"author":[{"embeddable":true,"href":"https:\/\/www.epefrance.org\/fr\/wp-json\/wp\/v2\/users\/4"}],"replies":[{"embeddable":true,"href":"https:\/\/www.epefrance.org\/fr\/wp-json\/wp\/v2\/comments?post=1778"}],"version-history":[{"count":2,"href":"https:\/\/www.epefrance.org\/fr\/wp-json\/wp\/v2\/posts\/1778\/revisions"}],"predecessor-version":[{"id":1781,"href":"https:\/\/www.epefrance.org\/fr\/wp-json\/wp\/v2\/posts\/1778\/revisions\/1781"}],"wp:featuredmedia":[{"embeddable":true,"href":"https:\/\/www.epefrance.org\/fr\/wp-json\/wp\/v2\/media\/1779"}],"wp:attachment":[{"href":"https:\/\/www.epefrance.org\/fr\/wp-json\/wp\/v2\/media?parent=1778"}],"wp:term":[{"taxonomy":"category","embeddable":true,"href":"https:\/\/www.epefrance.org\/fr\/wp-json\/wp\/v2\/categories?post=1778"},{"taxonomy":"post_tag","embeddable":true,"href":"https:\/\/www.epefrance.org\/fr\/wp-json\/wp\/v2\/tags?post=1778"}],"curies":[{"name":"wp","href":"https:\/\/api.w.org\/{rel}","templated":true}]}}