{"id":2172,"date":"2018-11-05T10:34:23","date_gmt":"2018-11-05T09:34:23","guid":{"rendered":"http:\/\/www.epefrance.org\/?p=2172"},"modified":"2018-11-05T12:51:14","modified_gmt":"2018-11-05T11:51:14","slug":"procedimento-concursal-simplificado-horario-rpa21-franca","status":"publish","type":"post","link":"https:\/\/www.epefrance.org\/fr\/contratacao-local\/procedimento-concursal-simplificado-horario-rpa21-franca\/","title":{"rendered":"Procedimento concursal simplificado \u2013 Hor\u00e1rio RPA21 \/ Fran\u00e7a"},"content":{"rendered":"<p style=\"text-align: justify;\">Lista definitiva de ordena\u00e7\u00e3o e de coloca\u00e7\u00e3o de Procedimento Concursal Simplificado destinado ao recrutamento local de docente do ensino portugu\u00eas no estrangeiro para o 1.\u00ba Ciclo do Ensino B\u00e1sico, l\u00edngua francesa, hor\u00e1rio a prover \u2013 RPA21, em regime de substitui\u00e7\u00e3o.<\/p>\n<p><a href=\"http:\/\/www.instituto-camoes.pt\/images\/concursos_epe2\/Lista_coloca\u00e7\u00e3o_RPA21.pdf\" target=\"_blank\" rel=\"noopener\">Lista definitiva de ordena\u00e7\u00e3o e\u00a0de coloca\u00e7\u00e3o<\/a><\/p>\n","protected":false},"excerpt":{"rendered":"<p>Lista definitiva de ordena\u00e7\u00e3o e de coloca\u00e7\u00e3o de Procedimento Concursal Simplificado destinado ao recrutamento local de docente do ensino portugu\u00eas no estrangeiro para o 1.\u00ba Ciclo do Ensino B\u00e1sico, l\u00edngua francesa, hor\u00e1rio a prover \u2013 RPA21, em regime de substitui\u00e7\u00e3o. Lista definitiva de ordena\u00e7\u00e3o e\u00a0de coloca\u00e7\u00e3o<\/p>\n","protected":false},"author":4,"featured_media":1288,"comment_status":"closed","ping_status":"closed","sticky":false,"template":"","format":"standard","meta":{"_acf_changed":false,"footnotes":""},"categories":[14],"tags":[],"class_list":["post-2172","post","type-post","status-publish","format-standard","has-post-thumbnail","hentry","category-contratacao-local"],"acf":[],"_links":{"self":[{"href":"https:\/\/www.epefrance.org\/fr\/wp-json\/wp\/v2\/posts\/2172","targetHints":{"allow":["GET"]}}],"collection":[{"href":"https:\/\/www.epefrance.org\/fr\/wp-json\/wp\/v2\/posts"}],"about":[{"href":"https:\/\/www.epefrance.org\/fr\/wp-json\/wp\/v2\/types\/post"}],"author":[{"embeddable":true,"href":"https:\/\/www.epefrance.org\/fr\/wp-json\/wp\/v2\/users\/4"}],"replies":[{"embeddable":true,"href":"https:\/\/www.epefrance.org\/fr\/wp-json\/wp\/v2\/comments?post=2172"}],"version-history":[{"count":1,"href":"https:\/\/www.epefrance.org\/fr\/wp-json\/wp\/v2\/posts\/2172\/revisions"}],"predecessor-version":[{"id":2173,"href":"https:\/\/www.epefrance.org\/fr\/wp-json\/wp\/v2\/posts\/2172\/revisions\/2173"}],"wp:featuredmedia":[{"embeddable":true,"href":"https:\/\/www.epefrance.org\/fr\/wp-json\/wp\/v2\/media\/1288"}],"wp:attachment":[{"href":"https:\/\/www.epefrance.org\/fr\/wp-json\/wp\/v2\/media?parent=2172"}],"wp:term":[{"taxonomy":"category","embeddable":true,"href":"https:\/\/www.epefrance.org\/fr\/wp-json\/wp\/v2\/categories?post=2172"},{"taxonomy":"post_tag","embeddable":true,"href":"https:\/\/www.epefrance.org\/fr\/wp-json\/wp\/v2\/tags?post=2172"}],"curies":[{"name":"wp","href":"https:\/\/api.w.org\/{rel}","templated":true}]}}