{"id":2174,"date":"2018-11-05T10:35:50","date_gmt":"2018-11-05T09:35:50","guid":{"rendered":"http:\/\/www.epefrance.org\/?p=2174"},"modified":"2018-12-17T16:36:37","modified_gmt":"2018-12-17T15:36:37","slug":"lista-de-colocacao-de-procedimento-concursal-simplificado-franca-rpa37-regime-de-substituicao","status":"publish","type":"post","link":"https:\/\/www.epefrance.org\/fr\/contratacao-local\/lista-de-colocacao-de-procedimento-concursal-simplificado-franca-rpa37-regime-de-substituicao\/","title":{"rendered":"Lista de coloca\u00e7\u00e3o de procedimento concursal simplificado (Fran\u00e7a) \u2013 RPA37 \u2013 Regime de Substitui\u00e7\u00e3o"},"content":{"rendered":"<p style=\"text-align: justify;\">Lista de coloca\u00e7\u00e3o de Procedimento Concursal Simplificado destinado ao recrutamento local de docente do ensino portugu\u00eas no estrangeiro para o 1.\u00ba Ciclo do Ensino B\u00e1sico, l\u00edngua francesa, hor\u00e1rio a prover \u2013 RPA37, em regime de substitui\u00e7\u00e3o.<\/p>\n<p><a href=\"http:\/\/www.instituto-camoes.pt\/images\/concursos_epe2\/Lista_coloca\u00e7\u00e3o_homologada_RPA37.pdf\" target=\"_blank\" rel=\"noopener\">Lista de coloca\u00e7\u00e3o \u2013 Coordena\u00e7\u00e3o de Ensino de Fran\u00e7a, 1.\u00ba Ciclo do Ensino B\u00e1sico &#8211; L\u00edngua francesa<\/a><\/p>\n","protected":false},"excerpt":{"rendered":"<p>Lista de coloca\u00e7\u00e3o de Procedimento Concursal Simplificado destinado ao recrutamento local de docente do ensino portugu\u00eas no estrangeiro para o 1.\u00ba Ciclo do Ensino B\u00e1sico, l\u00edngua francesa, hor\u00e1rio a prover \u2013 RPA37, em regime de substitui\u00e7\u00e3o. Lista de coloca\u00e7\u00e3o \u2013 Coordena\u00e7\u00e3o de Ensino de Fran\u00e7a, 1.\u00ba Ciclo do Ensino B\u00e1sico &#8211; L\u00edngua francesa<\/p>\n","protected":false},"author":4,"featured_media":2065,"comment_status":"closed","ping_status":"closed","sticky":false,"template":"","format":"standard","meta":{"_acf_changed":false,"footnotes":""},"categories":[14],"tags":[],"class_list":["post-2174","post","type-post","status-publish","format-standard","has-post-thumbnail","hentry","category-contratacao-local"],"acf":[],"_links":{"self":[{"href":"https:\/\/www.epefrance.org\/fr\/wp-json\/wp\/v2\/posts\/2174","targetHints":{"allow":["GET"]}}],"collection":[{"href":"https:\/\/www.epefrance.org\/fr\/wp-json\/wp\/v2\/posts"}],"about":[{"href":"https:\/\/www.epefrance.org\/fr\/wp-json\/wp\/v2\/types\/post"}],"author":[{"embeddable":true,"href":"https:\/\/www.epefrance.org\/fr\/wp-json\/wp\/v2\/users\/4"}],"replies":[{"embeddable":true,"href":"https:\/\/www.epefrance.org\/fr\/wp-json\/wp\/v2\/comments?post=2174"}],"version-history":[{"count":3,"href":"https:\/\/www.epefrance.org\/fr\/wp-json\/wp\/v2\/posts\/2174\/revisions"}],"predecessor-version":[{"id":2187,"href":"https:\/\/www.epefrance.org\/fr\/wp-json\/wp\/v2\/posts\/2174\/revisions\/2187"}],"wp:featuredmedia":[{"embeddable":true,"href":"https:\/\/www.epefrance.org\/fr\/wp-json\/wp\/v2\/media\/2065"}],"wp:attachment":[{"href":"https:\/\/www.epefrance.org\/fr\/wp-json\/wp\/v2\/media?parent=2174"}],"wp:term":[{"taxonomy":"category","embeddable":true,"href":"https:\/\/www.epefrance.org\/fr\/wp-json\/wp\/v2\/categories?post=2174"},{"taxonomy":"post_tag","embeddable":true,"href":"https:\/\/www.epefrance.org\/fr\/wp-json\/wp\/v2\/tags?post=2174"}],"curies":[{"name":"wp","href":"https:\/\/api.w.org\/{rel}","templated":true}]}}