{"id":2215,"date":"2018-11-19T15:29:05","date_gmt":"2018-11-19T14:29:05","guid":{"rendered":"http:\/\/www.epefrance.org\/?p=2215"},"modified":"2018-11-20T13:30:52","modified_gmt":"2018-11-20T12:30:52","slug":"concurso-para-recrutamento-de-um-leitor-na-universidade-de-lille","status":"publish","type":"post","link":"https:\/\/www.epefrance.org\/fr\/candidaturas\/concurso-para-recrutamento-de-um-leitor-na-universidade-de-lille\/","title":{"rendered":"Concurso para recrutamento de um leitor na Universidade de Lille"},"content":{"rendered":"<p>No \u00e2mbito de um Protocolo de Coopera\u00e7\u00e3o assinado entre o Cam\u00f5es \u2013 Instituto da Coopera\u00e7\u00e3o e da L\u00edngua, I.P., e a Universidade de Lille (Fran\u00e7a) encontra-se aberta uma vaga para um(a) Leitor(a) de l\u00edngua e cultura portuguesas, para exercer fun\u00e7\u00f5es na sec\u00e7\u00e3o de Portugu\u00eas da referida Universidade, a partir de janeiro de 2019.<\/p>\n<p>Consulte aqui o aviso de abertura: <a href=\"https:\/\/www.epefrance.org\/wp-content\/uploads\/2018\/11\/Anuncio_Leitor-IC_ULille2019.pdf\">Anuncio_Leitor-IC_ULille2019<\/a><\/p>\n","protected":false},"excerpt":{"rendered":"<p>No \u00e2mbito de um Protocolo de Coopera\u00e7\u00e3o assinado entre o Cam\u00f5es \u2013 Instituto da Coopera\u00e7\u00e3o e da L\u00edngua, I.P., e a Universidade de Lille (Fran\u00e7a) encontra-se aberta uma vaga para um(a) Leitor(a) de l\u00edngua e cultura portuguesas, para exercer fun\u00e7\u00f5es na sec\u00e7\u00e3o de Portugu\u00eas da referida Universidade, a partir de janeiro de 2019. Consulte aqui [&hellip;]<\/p>\n","protected":false},"author":4,"featured_media":2223,"comment_status":"closed","ping_status":"closed","sticky":false,"template":"","format":"standard","meta":{"_acf_changed":false,"footnotes":""},"categories":[20],"tags":[],"class_list":["post-2215","post","type-post","status-publish","format-standard","has-post-thumbnail","hentry","category-candidaturas"],"acf":[],"_links":{"self":[{"href":"https:\/\/www.epefrance.org\/fr\/wp-json\/wp\/v2\/posts\/2215","targetHints":{"allow":["GET"]}}],"collection":[{"href":"https:\/\/www.epefrance.org\/fr\/wp-json\/wp\/v2\/posts"}],"about":[{"href":"https:\/\/www.epefrance.org\/fr\/wp-json\/wp\/v2\/types\/post"}],"author":[{"embeddable":true,"href":"https:\/\/www.epefrance.org\/fr\/wp-json\/wp\/v2\/users\/4"}],"replies":[{"embeddable":true,"href":"https:\/\/www.epefrance.org\/fr\/wp-json\/wp\/v2\/comments?post=2215"}],"version-history":[{"count":5,"href":"https:\/\/www.epefrance.org\/fr\/wp-json\/wp\/v2\/posts\/2215\/revisions"}],"predecessor-version":[{"id":2222,"href":"https:\/\/www.epefrance.org\/fr\/wp-json\/wp\/v2\/posts\/2215\/revisions\/2222"}],"wp:featuredmedia":[{"embeddable":true,"href":"https:\/\/www.epefrance.org\/fr\/wp-json\/wp\/v2\/media\/2223"}],"wp:attachment":[{"href":"https:\/\/www.epefrance.org\/fr\/wp-json\/wp\/v2\/media?parent=2215"}],"wp:term":[{"taxonomy":"category","embeddable":true,"href":"https:\/\/www.epefrance.org\/fr\/wp-json\/wp\/v2\/categories?post=2215"},{"taxonomy":"post_tag","embeddable":true,"href":"https:\/\/www.epefrance.org\/fr\/wp-json\/wp\/v2\/tags?post=2215"}],"curies":[{"name":"wp","href":"https:\/\/api.w.org\/{rel}","templated":true}]}}