{"id":2417,"date":"2019-02-25T18:14:13","date_gmt":"2019-02-25T17:14:13","guid":{"rendered":"http:\/\/www.epefrance.org\/?p=2417"},"modified":"2019-03-11T20:42:22","modified_gmt":"2019-03-11T19:42:22","slug":"assistentes-de-portugues-em-franca-ano-letivo-2019-2020-prologamento-do-prazo-de-candidaturas","status":"publish","type":"post","link":"https:\/\/www.epefrance.org\/fr\/candidaturas\/assistentes-de-portugues-em-franca-ano-letivo-2019-2020-prologamento-do-prazo-de-candidaturas\/","title":{"rendered":"Assistentes de Portugu\u00eas em Fran\u00e7a &#8211; ano letivo 2019\/2020 &#8211; prologamento do prazo de candidaturas"},"content":{"rendered":"<p><span style=\"color: #000000; font-family: georgia,palatino,serif; font-size: 12pt;\"><span style=\"text-align: left; text-transform: none; line-height: 20px; text-indent: 0px; letter-spacing: normal; font-style: normal; font-variant: normal; font-weight: 500; text-decoration: none; word-spacing: 0px; display: inline !important; white-space: normal; orphans: 2; float: none; -webkit-text-stroke-width: 0px; background-color: transparent;\">O prazo de candidaturas para Assistentes de Portugu\u00eas em Fran\u00e7a para o ano letivo de 2019-2020 foi prolongado, at\u00e9 ao pr\u00f3ximo dia <\/span><strong>31 de mar\u00e7o<\/strong><span style=\"text-align: left; text-transform: none; line-height: 20px; text-indent: 0px; letter-spacing: normal; font-style: normal; font-variant: normal; font-weight: 500; text-decoration: none; word-spacing: 0px; display: inline !important; white-space: normal; orphans: 2; float: none; -webkit-text-stroke-width: 0px; background-color: transparent;\">.<\/span><\/span><\/p>\n<p>Para mais informa\u00e7\u00f5es, consulte o site da <a href=\"http:\/\/www.sec-geral.mec.pt\/noticia\/assistentes-de-portugues-em-franca-ano-letivo-20192020-prolongamento-do-prazo-de\" target=\"_blank\" rel=\"noopener\">Secretaria-Geral de Educa\u00e7\u00e3o e Ci\u00eancia<\/a>.<\/p>\n<p>&nbsp;<\/p>\n<div class=\"col-lg-offset-1 col-lg-2 col-md-offset-1 col-md-2 col-sm-offset-1 col-sm-2 redes_sociais_vertical hidden-xs\">\n<div id=\"redes_sociais\"><\/div>\n<\/div>\n<div id=\"contenido_post\" class=\"col-lg-8 col-md-8 col-sm-8\">\n<div><\/div>\n<\/div>\n","protected":false},"excerpt":{"rendered":"<p>O prazo de candidaturas para Assistentes de Portugu\u00eas em Fran\u00e7a para o ano letivo de 2019-2020 foi prolongado, at\u00e9 ao pr\u00f3ximo dia 31 de mar\u00e7o. Para mais informa\u00e7\u00f5es, consulte o site da Secretaria-Geral de Educa\u00e7\u00e3o e Ci\u00eancia. &nbsp;<\/p>\n","protected":false},"author":4,"featured_media":2418,"comment_status":"closed","ping_status":"closed","sticky":false,"template":"","format":"standard","meta":{"_acf_changed":false,"footnotes":""},"categories":[20],"tags":[],"class_list":["post-2417","post","type-post","status-publish","format-standard","has-post-thumbnail","hentry","category-candidaturas"],"acf":[],"_links":{"self":[{"href":"https:\/\/www.epefrance.org\/fr\/wp-json\/wp\/v2\/posts\/2417","targetHints":{"allow":["GET"]}}],"collection":[{"href":"https:\/\/www.epefrance.org\/fr\/wp-json\/wp\/v2\/posts"}],"about":[{"href":"https:\/\/www.epefrance.org\/fr\/wp-json\/wp\/v2\/types\/post"}],"author":[{"embeddable":true,"href":"https:\/\/www.epefrance.org\/fr\/wp-json\/wp\/v2\/users\/4"}],"replies":[{"embeddable":true,"href":"https:\/\/www.epefrance.org\/fr\/wp-json\/wp\/v2\/comments?post=2417"}],"version-history":[{"count":3,"href":"https:\/\/www.epefrance.org\/fr\/wp-json\/wp\/v2\/posts\/2417\/revisions"}],"predecessor-version":[{"id":2422,"href":"https:\/\/www.epefrance.org\/fr\/wp-json\/wp\/v2\/posts\/2417\/revisions\/2422"}],"wp:featuredmedia":[{"embeddable":true,"href":"https:\/\/www.epefrance.org\/fr\/wp-json\/wp\/v2\/media\/2418"}],"wp:attachment":[{"href":"https:\/\/www.epefrance.org\/fr\/wp-json\/wp\/v2\/media?parent=2417"}],"wp:term":[{"taxonomy":"category","embeddable":true,"href":"https:\/\/www.epefrance.org\/fr\/wp-json\/wp\/v2\/categories?post=2417"},{"taxonomy":"post_tag","embeddable":true,"href":"https:\/\/www.epefrance.org\/fr\/wp-json\/wp\/v2\/tags?post=2417"}],"curies":[{"name":"wp","href":"https:\/\/api.w.org\/{rel}","templated":true}]}}