{"id":2469,"date":"2019-03-12T18:30:50","date_gmt":"2019-03-12T17:30:50","guid":{"rendered":"http:\/\/www.epefrance.org\/?p=2469"},"modified":"2019-03-14T15:40:03","modified_gmt":"2019-03-14T14:40:03","slug":"alunos-recebem-certificados-de-lingua-portuguesa-em-yerres-essonne","status":"publish","type":"post","link":"https:\/\/www.epefrance.org\/fr\/cerimonia\/alunos-recebem-certificados-de-lingua-portuguesa-em-yerres-essonne\/","title":{"rendered":"Alunos recebem Certificados de L\u00edngua Portuguesa em Yerres (Essonne)"},"content":{"rendered":"<p>&nbsp;<\/p>\n<p>[foogallery id=\u00a0\u00bb2508&Prime;]<\/p>\n<p>&nbsp;<\/p>\n<p style=\"text-align: center;\"><b>Alunos recebem Certificados de L\u00edngua Portuguesa em Yerres (Essonne)<\/b><\/p>\n<p style=\"text-align: justify;\">Decorreu no dia 10 de mar\u00e7o, no Teatro de Yerres, Essonne, uma entrega\u00a0de Certificados de L\u00edngua Portuguesa a alunos que realizaram o exame de certifica\u00e7\u00e3o em 2018.<\/p>\n<p style=\"text-align: justify;\">Foram 180 os \u00a0alunos dos cursos de portugu\u00eas, vindos de 51 escolas, localizadas em 43 cidades da regi\u00e3o parisiense, que receberam os certificados de L\u00edngua Portuguesa, numa cerim\u00f3nia \u00e0 qual assistiram cerca de 1.000 pessoas.<\/p>\n<p style=\"text-align: justify;\">Esta certifica\u00e7\u00e3o \u00e9 da responsabilidade conjunta do Minist\u00e9rio da Educa\u00e7\u00e3o portugu\u00eas e do Minist\u00e9rio dos Neg\u00f3cios Estrangeiros, atrav\u00e9s do Cam\u00f5es, I.P..<\/p>\n<p style=\"text-align: justify;\">O evento contou com a presen\u00e7a do Senhor Embaixador de Portugal, Jorge Torres Pereira, do Senhor Embaixador de Cabo Verde, H\u00e9rcules Cruz, do Senhor Embaixador de Mo\u00e7ambique, Alberto Augusto, e do Diplomata Rodrigo Wiese Randig, dos Servi\u00e7os da Educa\u00e7\u00e3o e Promo\u00e7\u00e3o da L\u00edngua Portuguesa junto da Embaixada do Brasil em Fran\u00e7a. Estiveram tamb\u00e9m presentes os deputados da Assembleia da Rep\u00fablica, eleitos pelo ciclo da Europa, Paulo Pisco e Carlos Gon\u00e7alves. Todos participaram na entrega dos certificados.<\/p>\n<p style=\"text-align: justify;\">A cerim\u00f3nia foi acolhida pelo presidente da c\u00e2mara de Yerres que \u00e9 igualmente conselheiro da Regi\u00e3o <em>Essonne<\/em>, Olivier Clodong, e pelas \u00a0conselheiras municipais de Yerres respons\u00e1veis pela Educa\u00e7\u00e3o e pela Cultura. Marcaram igualmente presen\u00e7a representantes dos munic\u00edpios vizinhos, nomeadamente Sylvie Carillon, presidente da c\u00e2mara de Montgeron e Conselheira Regional.<\/p>\n<p style=\"text-align: justify;\">A presen\u00e7a de M. Philippe Jocallaz, diretor da escola Jean-Merlette de Brunoy, que presta especial aten\u00e7\u00e3o os cursos EILE de Portugu\u00eas que desde h\u00e1 v\u00e1rios anos funcionam na sua escola, encheu-nos de satisfa\u00e7\u00e3o.<\/p>\n<p style=\"text-align: justify;\">Esta entrega anual dos certificados de L\u00edngua Portuguesa \u00e9 uma a\u00e7\u00e3o conjunta da Coordena\u00e7\u00e3o do Ensino Portugu\u00eas em Fran\u00e7a (Embaixada de Portugal) e da Coordena\u00e7\u00e3o das Coletividades Portuguesas em Fran\u00e7a \u2013 CCPF, a quem se devem as negocia\u00e7\u00f5es no terreno para encontrar o espa\u00e7o que acolhe o evento e as anima\u00e7\u00f5es musicais que o tornam mais festivo e agrad\u00e1vel. Este ano assistimos \u00e0 atua\u00e7\u00e3o do grupo de cantares \u00ab\u00a0Vento Sudeste\u00a0\u00bb de Pontault Combault e da cantora cabo-verdiana Mariana Ramos. No final, foi apresentado o filme da semana de imers\u00e3o lingu\u00edstica, em Portugal, vivida por alunos dos cursos EILE, organizada pela CCPF\u00a0 e levada a cabo pelo professor Adelino de Sousa.<\/p>\n","protected":false},"excerpt":{"rendered":"<p>&nbsp; [foogallery id=\u00a0\u00bb2508&Prime;] &nbsp; Alunos recebem Certificados de L\u00edngua Portuguesa em Yerres (Essonne) Decorreu no dia 10 de mar\u00e7o, no Teatro de Yerres, Essonne, uma entrega\u00a0de Certificados de L\u00edngua Portuguesa a alunos que realizaram o exame de certifica\u00e7\u00e3o em 2018. Foram 180 os \u00a0alunos dos cursos de portugu\u00eas, vindos de 51 escolas, localizadas em 43 [&hellip;]<\/p>\n","protected":false},"author":4,"featured_media":2475,"comment_status":"closed","ping_status":"closed","sticky":false,"template":"","format":"standard","meta":{"_acf_changed":false,"footnotes":""},"categories":[9],"tags":[],"class_list":["post-2469","post","type-post","status-publish","format-standard","has-post-thumbnail","hentry","category-cerimonia"],"acf":[],"_links":{"self":[{"href":"https:\/\/www.epefrance.org\/fr\/wp-json\/wp\/v2\/posts\/2469","targetHints":{"allow":["GET"]}}],"collection":[{"href":"https:\/\/www.epefrance.org\/fr\/wp-json\/wp\/v2\/posts"}],"about":[{"href":"https:\/\/www.epefrance.org\/fr\/wp-json\/wp\/v2\/types\/post"}],"author":[{"embeddable":true,"href":"https:\/\/www.epefrance.org\/fr\/wp-json\/wp\/v2\/users\/4"}],"replies":[{"embeddable":true,"href":"https:\/\/www.epefrance.org\/fr\/wp-json\/wp\/v2\/comments?post=2469"}],"version-history":[{"count":13,"href":"https:\/\/www.epefrance.org\/fr\/wp-json\/wp\/v2\/posts\/2469\/revisions"}],"predecessor-version":[{"id":2484,"href":"https:\/\/www.epefrance.org\/fr\/wp-json\/wp\/v2\/posts\/2469\/revisions\/2484"}],"wp:featuredmedia":[{"embeddable":true,"href":"https:\/\/www.epefrance.org\/fr\/wp-json\/wp\/v2\/media\/2475"}],"wp:attachment":[{"href":"https:\/\/www.epefrance.org\/fr\/wp-json\/wp\/v2\/media?parent=2469"}],"wp:term":[{"taxonomy":"category","embeddable":true,"href":"https:\/\/www.epefrance.org\/fr\/wp-json\/wp\/v2\/categories?post=2469"},{"taxonomy":"post_tag","embeddable":true,"href":"https:\/\/www.epefrance.org\/fr\/wp-json\/wp\/v2\/tags?post=2469"}],"curies":[{"name":"wp","href":"https:\/\/api.w.org\/{rel}","templated":true}]}}