{"id":2613,"date":"2019-03-25T13:34:36","date_gmt":"2019-03-25T12:34:36","guid":{"rendered":"http:\/\/www.epefrance.org\/?p=2613"},"modified":"2019-03-25T17:31:54","modified_gmt":"2019-03-25T16:31:54","slug":"sophia-de-mello-breyner-homenageada-em-franca-por-altura-do-centenario-do-seu-nascimento","status":"publish","type":"post","link":"https:\/\/www.epefrance.org\/fr\/concurso\/sophia-de-mello-breyner-homenageada-em-franca-por-altura-do-centenario-do-seu-nascimento\/","title":{"rendered":"Sophia de Mello Breyner homenageada em Fran\u00e7a por altura do centen\u00e1rio do seu nascimento"},"content":{"rendered":"<p>[foogallery id=\u00a0\u00bb2611&Prime;]<\/p>\n<p style=\"text-align: justify;\">Teve lugar no passado domingo, dia 24 de mar\u00e7o, pelas 15 horas, na Casa de Portugal-Andr\u00e9 de Gouveia, em Paris, um programa festivo dedicado \u00e0 escritora Sophia de Mello Breyner, por ocasi\u00e3o do centen\u00e1rio do seu nascimento.<\/p>\n<p style=\"text-align: justify;\">Do programa organizado pela Coordena\u00e7\u00e3o do Ensino Portugu\u00eas em Fran\u00e7a em parceria com a Casa de Portugal fez parte uma exposi\u00e7\u00e3o de 900 trabalhos manuais realizados pelos alunos, no \u00e2mbito dos concursos destinados a homenagear Sophia de Mello Breyner Andresen e organizados pela CEPE no corrente ano letivo.<\/p>\n<p style=\"text-align: justify;\">A tarde foi igualmente dedidada a uma confer\u00eancia sobre a autora, pelo\u00a0Professor\u00a0Jos\u00e9 Rui Teixeira\u00a0(C\u00e1tedra Poesia e Transcend\u00eancia &#8211; Sophia de Mello Breyner Andresen, da Universidade do Porto) e a um concerto de piano a 4 m\u00e3os, com m\u00fasica de Fernando Lapa, interpretado por Bruno Belthoise e Jo\u00e3o Costa Ferreira, acompanhando a leitura do conto Homero, de Sophia de Mello Breyner, por Jos\u00e9 Manuel Esteves.<\/p>\n<p style=\"text-align: justify;\">Por fim, foram entregues os pr\u00e9mios e as men\u00e7\u00f5es honrosas dos dois concursos organizados pela CEPE: o Concurso Sophia Ilustrada (nas categorias de ilustra\u00e7\u00e3o e de postal), destinado aos alunos do ensino prim\u00e1rio e o Concurso Fotogr\u00e1fico de Leitura (para os alunos do ensino associativo e das sec\u00e7\u00f5es internacionais portuguesas). A entrega esteve a cargo de Adelaide Crist\u00f3v\u00e3o, Coordenadora do Ensino Portugu\u00eas em Fran\u00e7a e de Jo\u00e3o Pinharanda, Conselheiro Cultural da Embaixada de Portugal em Paris, Presidente do j\u00fari dos dois concursos.<\/p>\n","protected":false},"excerpt":{"rendered":"<p>[foogallery id=\u00a0\u00bb2611&Prime;] Teve lugar no passado domingo, dia 24 de mar\u00e7o, pelas 15 horas, na Casa de Portugal-Andr\u00e9 de Gouveia, em Paris, um programa festivo dedicado \u00e0 escritora Sophia de Mello Breyner, por ocasi\u00e3o do centen\u00e1rio do seu nascimento. Do programa organizado pela Coordena\u00e7\u00e3o do Ensino Portugu\u00eas em Fran\u00e7a em parceria com a Casa de [&hellip;]<\/p>\n","protected":false},"author":4,"featured_media":2619,"comment_status":"closed","ping_status":"closed","sticky":false,"template":"","format":"standard","meta":{"_acf_changed":false,"footnotes":""},"categories":[9,8],"tags":[],"class_list":["post-2613","post","type-post","status-publish","format-standard","has-post-thumbnail","hentry","category-cerimonia","category-concurso"],"acf":[],"_links":{"self":[{"href":"https:\/\/www.epefrance.org\/fr\/wp-json\/wp\/v2\/posts\/2613","targetHints":{"allow":["GET"]}}],"collection":[{"href":"https:\/\/www.epefrance.org\/fr\/wp-json\/wp\/v2\/posts"}],"about":[{"href":"https:\/\/www.epefrance.org\/fr\/wp-json\/wp\/v2\/types\/post"}],"author":[{"embeddable":true,"href":"https:\/\/www.epefrance.org\/fr\/wp-json\/wp\/v2\/users\/4"}],"replies":[{"embeddable":true,"href":"https:\/\/www.epefrance.org\/fr\/wp-json\/wp\/v2\/comments?post=2613"}],"version-history":[{"count":7,"href":"https:\/\/www.epefrance.org\/fr\/wp-json\/wp\/v2\/posts\/2613\/revisions"}],"predecessor-version":[{"id":2621,"href":"https:\/\/www.epefrance.org\/fr\/wp-json\/wp\/v2\/posts\/2613\/revisions\/2621"}],"wp:featuredmedia":[{"embeddable":true,"href":"https:\/\/www.epefrance.org\/fr\/wp-json\/wp\/v2\/media\/2619"}],"wp:attachment":[{"href":"https:\/\/www.epefrance.org\/fr\/wp-json\/wp\/v2\/media?parent=2613"}],"wp:term":[{"taxonomy":"category","embeddable":true,"href":"https:\/\/www.epefrance.org\/fr\/wp-json\/wp\/v2\/categories?post=2613"},{"taxonomy":"post_tag","embeddable":true,"href":"https:\/\/www.epefrance.org\/fr\/wp-json\/wp\/v2\/tags?post=2613"}],"curies":[{"name":"wp","href":"https:\/\/api.w.org\/{rel}","templated":true}]}}