{"id":2773,"date":"2019-05-27T17:03:51","date_gmt":"2019-05-27T16:03:51","guid":{"rendered":"http:\/\/www.epefrance.org\/?p=2773"},"modified":"2019-05-31T10:03:54","modified_gmt":"2019-05-31T09:03:54","slug":"entrega-de-premios-do-concurso-portugal-e-a-grande-guerra","status":"publish","type":"post","link":"https:\/\/www.epefrance.org\/fr\/cerimonia\/entrega-de-premios-do-concurso-portugal-e-a-grande-guerra\/","title":{"rendered":"Cerim\u00f3nia da entrega dos pr\u00e9mios do concurso \u201cPortugal e a Grande Guerra\u201d"},"content":{"rendered":"<p style=\"text-align: justify;\">Teve lugar no passado s\u00e1bado, dia 25 de maio, pelas 15 horas, na Casa de Portugal-Andr\u00e9 de Gouveia, em Paris, a entrega de pr\u00e9mios aos alunos vencedores do concurso escolar <strong><em>Portugal e a Grande Guerra<\/em><\/strong>, organizado pela ADEPBA (Association pour le D\u00e9veloppement des Etudes Portugaises, Br\u00e9siliennes, d\u2019Afrique et d\u2019Asie lusophones), em colabora\u00e7\u00e3o com a Coordena\u00e7\u00e3o do Ensino Portugu\u00eas em Fran\u00e7a.<\/p>\n<p style=\"text-align: justify;\">O concurso contou com o alto patroc\u00ednio da Inspe\u00e7\u00e3o Geral de Portugu\u00eas do Minist\u00e9rio da Educa\u00e7\u00e3o Franc\u00eas, e com o apoio da Caixa Geral de Dep\u00f3sitos &#8211; Fran\u00e7a e do Consulado Geral de Portugal, em Paris.<\/p>\n<p style=\"text-align: justify;\">Destinado a alunos do 1\u00ba ciclo (<em>primaire<\/em>), 2\u00ba e 3\u00ba ciclo (<em>coll\u00e8ge<\/em>) e secund\u00e1rio (<em>lyc\u00e9e<\/em>), o concurso permitiu fomentar nos alunos o interesse pela participa\u00e7\u00e3o portuguesa na Primeira Guerra Mundial (1914-1918), por ocasi\u00e3o da comemora\u00e7\u00e3o do centen\u00e1rio do Armist\u00edcio de 1918.<\/p>\n<p style=\"text-align: justify;\">Foram apresentados a concurso cerca de 140 trabalhos, individuais e coletivos, em formatos v\u00e1rios (produ\u00e7\u00e3o escrita, trabalho audiovisual, ilustra\u00e7\u00e3o, banda desenhada, jogo de tabuleiro, entre outros).<\/p>\n<p style=\"text-align: justify;\">A entrega esteve a cargo de Christophe Gonzalez, Presidente da ADEPBA, de Adelaide Crist\u00f3v\u00e3o, Coordenadora do Ensino Portugu\u00eas em Fran\u00e7a, de Annabella Sim\u00f5es, Vice-Presidente da ADEPBA, de Ant\u00f3nio Oliveira, Secret\u00e1rio-Geral da ADEPBA, e contou com a presen\u00e7a do Senhor Embaixador de Portugal na Unesco, o Professor Doutor Ant\u00f3nio Sampaio da N\u00f3voa, do Inspetor da Academia &#8211; I.P.R respons\u00e1vel pelo Portugu\u00eas, Manuel Vieira, e do Inspetor geral Honor\u00e1rio, Michel Perez.<\/p>\n<p style=\"text-align: justify;\">No seguimento da entrega de cada pr\u00e9mio, os alunos vencedores presentes foram convidados a a apresentar os seus trabalhos, expostos neste dia na Casa de Portugal.<\/p>\n<p><a href=\"http:\/\/www.adepba.fr\/index.html\" target=\"_blank\" rel=\"noopener noreferrer\"><b>Site da ADEPBA <\/b><\/a><span style=\"display: inline !important; float: none; background-color: transparent; color: #333333; cursor: text; font-family: Georgia,'Times New Roman','Bitstream Charter',Times,serif; font-size: 16px; font-style: normal; font-variant: normal; font-weight: 400; letter-spacing: normal; orphans: 2; text-align: left; text-decoration: none; text-indent: 0px; text-transform: none; -webkit-text-stroke-width: 0px; white-space: normal; word-spacing: 0px;\">\u00a0(Association pour le D\u00e9veloppement des Etudes Portugaises et Br\u00e9siliennes)<\/span><\/p>\n<p><strong>Lista de vencedores<\/strong><strong><br \/>\n<\/strong><\/p>\n<p><strong>Ensino prim\u00e1rio<\/strong><\/p>\n<p><strong>1\u00ba pr\u00e9mio:<br \/>\n<\/strong>Sarah \/ Ella \/ Olivia &#8211; CM2, Ecole Louis Armand<\/p>\n<p><strong>2\u00ba pr\u00e9mio:<br \/>\n<\/strong>Myriam &#8211; CM2, Ecole Simone Signoret<\/p>\n<p><strong>3\u00ba pr\u00e9mio:<br \/>\n<\/strong>Augustin &#8211; CM2, Ecole Lucie Aubrac<\/p>\n<p><strong>Men\u00e7\u00e3o honrosa:<br \/>\n<\/strong>Marilou\u00a0 &#8211; CM1, Ecole Michelet A<\/p>\n<p><strong><em>Coll\u00e8ge<\/em><\/strong><\/p>\n<p><strong>1\u00ba pr\u00e9mio:<br \/>\n<\/strong>Christophe \/ Xavier \/ Jules \/ Killian &#8211; 4\u00e8me, Coll\u00e8ge Honor\u00e9 d\u2019Urf\u00e9<\/p>\n<p><strong>2\u00ba pr\u00e9mio:<br \/>\n<\/strong>Daniela \/ Andreia \/ Esteban &#8211; 3\u00e8me, Coll\u00e8ge Vernier<\/p>\n<p><strong>3\u00ba pr\u00e9mio:<br \/>\n<\/strong>Imane &#8211; 3\u00e8me, Coll\u00e8ge G\u00e9rard Philipe<strong>\u00a0<\/strong><\/p>\n<p><strong>Men\u00e7\u00e3o honrosa:<br \/>\n<\/strong>Lou-Anne &#8211; 3\u00e8me, AES Cordas e Tradi\u00e7\u00e3o<\/p>\n<p><strong><em>Lyc\u00e9e<\/em><\/strong><\/p>\n<p><strong>1\u00ba pr\u00e9mio:<br \/>\n<\/strong>Flora \/ Luane \/ In\u00eas &#8211; 1\u00e8re, Cit\u00e9 Scolaire Internationale Europole<\/p>\n<p><strong>2\u00ba pr\u00e9mio:<br \/>\n<\/strong>Gloria \/ Alex \/ Ella &#8211; 1\u00e8re, Cit\u00e9 Scolaire Internationale Europole<\/p>\n<p><strong>3\u00ba pr\u00e9mio:<br \/>\n<\/strong>Aicha &#8211; 1\u00e8re, Coll\u00e8ge-Lyc\u00e9e International Honor\u00e9 de Balzac<\/p>\n<p><strong>Men\u00e7\u00e3o honrosa:<br \/>\n<\/strong>Eliana \/ L\u00e9onie &#8211; 1\u00e8re, Lyc\u00e9e Evariste Galois<\/p>\n<p>[foogallery id=\u00a0\u00bb2824&Prime;]<\/p>\n<p>Mais fotos dispon\u00edveis no blogue <a href=\"https:\/\/lernarede.wordpress.com\/2019\/05\/28\/cerimonia-da-entrega-de-premios-do-concurso-portugal-e-a-grande-guerra\/\" target=\"_blank\" rel=\"noopener noreferrer\">\u00ab\u00a0Ler na Rede\u00a0\u00bb<\/a>.<\/p>\n","protected":false},"excerpt":{"rendered":"<p>Teve lugar no passado s\u00e1bado, dia 25 de maio, pelas 15 horas, na Casa de Portugal-Andr\u00e9 de Gouveia, em Paris, a entrega de pr\u00e9mios aos alunos vencedores do concurso escolar Portugal e a Grande Guerra, organizado pela ADEPBA (Association pour le D\u00e9veloppement des Etudes Portugaises, Br\u00e9siliennes, d\u2019Afrique et d\u2019Asie lusophones), em colabora\u00e7\u00e3o com a Coordena\u00e7\u00e3o [&hellip;]<\/p>\n","protected":false},"author":4,"featured_media":2828,"comment_status":"closed","ping_status":"closed","sticky":false,"template":"","format":"standard","meta":{"_acf_changed":false,"footnotes":""},"categories":[9],"tags":[],"class_list":["post-2773","post","type-post","status-publish","format-standard","has-post-thumbnail","hentry","category-cerimonia"],"acf":[],"_links":{"self":[{"href":"https:\/\/www.epefrance.org\/fr\/wp-json\/wp\/v2\/posts\/2773","targetHints":{"allow":["GET"]}}],"collection":[{"href":"https:\/\/www.epefrance.org\/fr\/wp-json\/wp\/v2\/posts"}],"about":[{"href":"https:\/\/www.epefrance.org\/fr\/wp-json\/wp\/v2\/types\/post"}],"author":[{"embeddable":true,"href":"https:\/\/www.epefrance.org\/fr\/wp-json\/wp\/v2\/users\/4"}],"replies":[{"embeddable":true,"href":"https:\/\/www.epefrance.org\/fr\/wp-json\/wp\/v2\/comments?post=2773"}],"version-history":[{"count":14,"href":"https:\/\/www.epefrance.org\/fr\/wp-json\/wp\/v2\/posts\/2773\/revisions"}],"predecessor-version":[{"id":2842,"href":"https:\/\/www.epefrance.org\/fr\/wp-json\/wp\/v2\/posts\/2773\/revisions\/2842"}],"wp:featuredmedia":[{"embeddable":true,"href":"https:\/\/www.epefrance.org\/fr\/wp-json\/wp\/v2\/media\/2828"}],"wp:attachment":[{"href":"https:\/\/www.epefrance.org\/fr\/wp-json\/wp\/v2\/media?parent=2773"}],"wp:term":[{"taxonomy":"category","embeddable":true,"href":"https:\/\/www.epefrance.org\/fr\/wp-json\/wp\/v2\/categories?post=2773"},{"taxonomy":"post_tag","embeddable":true,"href":"https:\/\/www.epefrance.org\/fr\/wp-json\/wp\/v2\/tags?post=2773"}],"curies":[{"name":"wp","href":"https:\/\/api.w.org\/{rel}","templated":true}]}}