{"id":2931,"date":"2019-07-12T11:06:30","date_gmt":"2019-07-12T10:06:30","guid":{"rendered":"http:\/\/www.epefrance.org\/?p=2931"},"modified":"2019-07-12T11:36:58","modified_gmt":"2019-07-12T10:36:58","slug":"recrutement-dun-maitre-de-langue-de-portugais","status":"publish","type":"post","link":"https:\/\/www.epefrance.org\/fr\/candidaturas\/recrutement-dun-maitre-de-langue-de-portugais\/","title":{"rendered":"Recrutement d&rsquo;un ma\u00eetre de langue de portugais (norme europ\u00e9enne)"},"content":{"rendered":"<p style=\"text-align: justify;\">Estamos a divulgar: Recrutement d&rsquo;un ma\u00eetre de langue de portugais (norme europ\u00e9enne) \u2013 Chaire Solange Parvaux au D\u00e9partement d\u2019Etudes Ib\u00e9riques et Latino-Am\u00e9ricaines, UFR Langues, Litt\u00e9ratures, Cultures et Soci\u00e9t\u00e9s Etrang\u00e8res et R\u00e9gionales de l\u2019Universit\u00e9 Sorbonne Nouvelle-Paris 3 pour une dur\u00e9e de 12 mois.<br \/>\nDate limite de d\u00e9p\u00f4t de candidature : le 18 juillet 2019 \u00e0 12h00, heure fran\u00e7aise.<\/p>\n<p><a href=\"http:\/\/www.univ-paris3.fr\/poste-de-maitre-de-langue-portugais-norme-europeenne--574283.kjsp\" target=\"_blank\" rel=\"noopener noreferrer\"><span style=\"font-family: georgia,palatino,serif; font-size: 12pt;\">Appel candidatures Ma\u00eetre de langue &#8211; portugais europ\u00e9en<\/span><\/a><\/p>\n<p>&nbsp;<\/p>\n<p>&nbsp;<\/p>\n","protected":false},"excerpt":{"rendered":"<p>Estamos a divulgar: Recrutement d&rsquo;un ma\u00eetre de langue de portugais (norme europ\u00e9enne) \u2013 Chaire Solange Parvaux au D\u00e9partement d\u2019Etudes Ib\u00e9riques et Latino-Am\u00e9ricaines, UFR Langues, Litt\u00e9ratures, Cultures et Soci\u00e9t\u00e9s Etrang\u00e8res et R\u00e9gionales de l\u2019Universit\u00e9 Sorbonne Nouvelle-Paris 3 pour une dur\u00e9e de 12 mois. Date limite de d\u00e9p\u00f4t de candidature : le 18 juillet 2019 \u00e0 12h00, [&hellip;]<\/p>\n","protected":false},"author":4,"featured_media":0,"comment_status":"closed","ping_status":"closed","sticky":false,"template":"","format":"standard","meta":{"_acf_changed":false,"footnotes":""},"categories":[20],"tags":[],"class_list":["post-2931","post","type-post","status-publish","format-standard","hentry","category-candidaturas"],"acf":[],"_links":{"self":[{"href":"https:\/\/www.epefrance.org\/fr\/wp-json\/wp\/v2\/posts\/2931","targetHints":{"allow":["GET"]}}],"collection":[{"href":"https:\/\/www.epefrance.org\/fr\/wp-json\/wp\/v2\/posts"}],"about":[{"href":"https:\/\/www.epefrance.org\/fr\/wp-json\/wp\/v2\/types\/post"}],"author":[{"embeddable":true,"href":"https:\/\/www.epefrance.org\/fr\/wp-json\/wp\/v2\/users\/4"}],"replies":[{"embeddable":true,"href":"https:\/\/www.epefrance.org\/fr\/wp-json\/wp\/v2\/comments?post=2931"}],"version-history":[{"count":6,"href":"https:\/\/www.epefrance.org\/fr\/wp-json\/wp\/v2\/posts\/2931\/revisions"}],"predecessor-version":[{"id":2933,"href":"https:\/\/www.epefrance.org\/fr\/wp-json\/wp\/v2\/posts\/2931\/revisions\/2933"}],"wp:attachment":[{"href":"https:\/\/www.epefrance.org\/fr\/wp-json\/wp\/v2\/media?parent=2931"}],"wp:term":[{"taxonomy":"category","embeddable":true,"href":"https:\/\/www.epefrance.org\/fr\/wp-json\/wp\/v2\/categories?post=2931"},{"taxonomy":"post_tag","embeddable":true,"href":"https:\/\/www.epefrance.org\/fr\/wp-json\/wp\/v2\/tags?post=2931"}],"curies":[{"name":"wp","href":"https:\/\/api.w.org\/{rel}","templated":true}]}}