{"id":2942,"date":"2019-07-12T18:18:39","date_gmt":"2019-07-12T17:18:39","guid":{"rendered":"http:\/\/www.epefrance.org\/?p=2942"},"modified":"2019-07-12T20:38:28","modified_gmt":"2019-07-12T19:38:28","slug":"concours-general-des-lycees-et-des-metiers-2019","status":"publish","type":"post","link":"https:\/\/www.epefrance.org\/fr\/cerimonia\/concours-general-des-lycees-et-des-metiers-2019\/","title":{"rendered":"Concours g\u00e9n\u00e9ral des lyc\u00e9es et des m\u00e9tiers 2019"},"content":{"rendered":"<p style=\"text-align: justify;\">Le concours g\u00e9n\u00e9ral des lyc\u00e9es et des m\u00e9tiers distingue les meilleurs \u00e9l\u00e8ves des lyc\u00e9es d&rsquo;enseignement g\u00e9n\u00e9ral, technologique et professionnel. Il existe depuis 1747.<br \/>\nLes candidats composent sur des sujets conformes aux programmes officiels mais dans le cadre d&rsquo;\u00e9preuves plus exigeantes et plus longues que celle du baccalaur\u00e9at.<\/p>\n<p>La c\u00e9r\u00e9monie de remise des prix du Concours g\u00e9n\u00e9ral 2019 s&rsquo;est tenue le jeudi 11 juillet \u00e0 la Sorbonne.<br \/>\nLes laur\u00e9ats dans la cat\u00e9gorie Portugais sont:<\/p>\n<p><strong>1er prix<br \/>\n<\/strong>Madame Elise Geslot<br \/>\nLyc\u00e9e g\u00e9n\u00e9ral et technologique Alexandre Dumas \u00e0 Saint-Cloud<\/p>\n<p><strong>2<span style=\"text-align: left; color: #333333; text-transform: none; text-indent: 0px; letter-spacing: normal; font-family: Georgia,'Times New Roman','Bitstream Charter',Times,serif; font-size: 16px; font-style: normal; font-variant: normal; text-decoration: none; word-spacing: 0px; display: inline !important; white-space: normal; cursor: text; orphans: 2; float: none; -webkit-text-stroke-width: 0px; background-color: transparent;\">\u00e8me p<\/span><\/strong><b>rix<br \/>\n<\/b><span style=\"display: inline !important; float: none; background-color: transparent; color: #333333; cursor: text; font-family: Georgia,'Times New Roman','Bitstream Charter',Times,serif; font-size: 16px; font-style: normal; font-variant: normal; font-weight: 400; letter-spacing: normal; orphans: 2; text-align: left; text-decoration: none; text-indent: 0px; text-transform: none; -webkit-text-stroke-width: 0px; white-space: normal; word-spacing: 0px;\">Madame\u00a0<span style=\"display: inline !important; float: none; background-color: transparent; color: #333333; font-family: Georgia,'Times New Roman','Bitstream Charter',Times,serif; font-size: 16px; font-style: normal; font-variant: normal; font-weight: 400; letter-spacing: normal; line-height: 24px; orphans: 2; text-align: left; text-decoration: none; text-indent: 0px; text-transform: none; -webkit-text-stroke-width: 0px; white-space: normal; word-spacing: 0px; word-wrap: break-word;\">Luisa Mui<br \/>\nLyc\u00e9e g\u00e9n\u00e9ral Montaigne \u00e0 Paris<br \/>\n<\/span><\/span><\/p>\n<p><b>3\u00e8me prix<br \/>\n<\/b>Monsieur Hugo Bento Dos Santos Oliveira<br \/>\nLyc\u00e9e g\u00e9n\u00e9ral International \u00e0 Saint Germain en Laye<\/p>\n<p><b>1er accessit<br \/>\n<\/b>Madame Marina Sadi<br \/>\nLyc\u00e9e polyvalent de l&rsquo;est parisien \u00e0 Noisy le Grand<\/p>\n<p style=\"text-align: center;\"><a href=\"https:\/\/www.epefrance.org\/wp-content\/uploads\/2019\/07\/foto1.jpg\"><img loading=\"lazy\" decoding=\"async\" class=\" wp-image-2940 aligncenter\" src=\"https:\/\/www.epefrance.org\/wp-content\/uploads\/2019\/07\/foto1-225x300.jpg\" alt=\"\" width=\"255\" height=\"340\" srcset=\"https:\/\/www.epefrance.org\/wp-content\/uploads\/2019\/07\/foto1-225x300.jpg 225w, https:\/\/www.epefrance.org\/wp-content\/uploads\/2019\/07\/foto1-768x1024.jpg 768w, https:\/\/www.epefrance.org\/wp-content\/uploads\/2019\/07\/foto1.jpg 960w\" sizes=\"auto, (max-width: 255px) 100vw, 255px\" \/><\/a><\/p>\n<p style=\"text-align: center;\"><a href=\"https:\/\/www.dropbox.com\/s\/2ezs953a78zdj8h\/video%20Concours%20G%C3%A9n%C3%A9ral.MTS?dl=0\" target=\"_blank\" rel=\"noopener noreferrer\">Vid\u00e9o de la remise des prix<\/a><\/p>\n","protected":false},"excerpt":{"rendered":"<p>Le concours g\u00e9n\u00e9ral des lyc\u00e9es et des m\u00e9tiers distingue les meilleurs \u00e9l\u00e8ves des lyc\u00e9es d&rsquo;enseignement g\u00e9n\u00e9ral, technologique et professionnel. Il existe depuis 1747. Les candidats composent sur des sujets conformes aux programmes officiels mais dans le cadre d&rsquo;\u00e9preuves plus exigeantes et plus longues que celle du baccalaur\u00e9at. La c\u00e9r\u00e9monie de remise des prix du Concours [&hellip;]<\/p>\n","protected":false},"author":4,"featured_media":2941,"comment_status":"closed","ping_status":"closed","sticky":false,"template":"","format":"standard","meta":{"_acf_changed":false,"footnotes":""},"categories":[9],"tags":[],"class_list":["post-2942","post","type-post","status-publish","format-standard","has-post-thumbnail","hentry","category-cerimonia"],"acf":[],"_links":{"self":[{"href":"https:\/\/www.epefrance.org\/fr\/wp-json\/wp\/v2\/posts\/2942","targetHints":{"allow":["GET"]}}],"collection":[{"href":"https:\/\/www.epefrance.org\/fr\/wp-json\/wp\/v2\/posts"}],"about":[{"href":"https:\/\/www.epefrance.org\/fr\/wp-json\/wp\/v2\/types\/post"}],"author":[{"embeddable":true,"href":"https:\/\/www.epefrance.org\/fr\/wp-json\/wp\/v2\/users\/4"}],"replies":[{"embeddable":true,"href":"https:\/\/www.epefrance.org\/fr\/wp-json\/wp\/v2\/comments?post=2942"}],"version-history":[{"count":6,"href":"https:\/\/www.epefrance.org\/fr\/wp-json\/wp\/v2\/posts\/2942\/revisions"}],"predecessor-version":[{"id":2944,"href":"https:\/\/www.epefrance.org\/fr\/wp-json\/wp\/v2\/posts\/2942\/revisions\/2944"}],"wp:featuredmedia":[{"embeddable":true,"href":"https:\/\/www.epefrance.org\/fr\/wp-json\/wp\/v2\/media\/2941"}],"wp:attachment":[{"href":"https:\/\/www.epefrance.org\/fr\/wp-json\/wp\/v2\/media?parent=2942"}],"wp:term":[{"taxonomy":"category","embeddable":true,"href":"https:\/\/www.epefrance.org\/fr\/wp-json\/wp\/v2\/categories?post=2942"},{"taxonomy":"post_tag","embeddable":true,"href":"https:\/\/www.epefrance.org\/fr\/wp-json\/wp\/v2\/tags?post=2942"}],"curies":[{"name":"wp","href":"https:\/\/api.w.org\/{rel}","templated":true}]}}