{"id":2982,"date":"2019-09-02T15:11:57","date_gmt":"2019-09-02T14:11:57","guid":{"rendered":"http:\/\/www.epefrance.org\/?p=2982"},"modified":"2019-09-02T19:27:12","modified_gmt":"2019-09-02T18:27:12","slug":"aviso-de-abertura-de-procedimento-concursal-simplificado-local-horario-bor01","status":"publish","type":"post","link":"https:\/\/www.epefrance.org\/fr\/contratacao-local\/aviso-de-abertura-de-procedimento-concursal-simplificado-local-horario-bor01\/","title":{"rendered":"Aviso de abertura de procedimento concursal simplificado local &#8211; Hor\u00e1rio BOR01"},"content":{"rendered":"<p>Abertura de Procedimento Concursal Simplificado destinado ao recrutamento local de docente do ensino portugu\u00eas no estrangeiro para o 1\u00ba Ciclo do ensino b\u00e1sico, l\u00edngua francesa, hor\u00e1rio a prover, em vacatura, BOR01.<\/p>\n<ul class=\"standard-boolet-list\">\n<li>\n<h5><span style=\"color: #000000;\"><a style=\"color: #000000;\" href=\"https:\/\/www.instituto-camoes.pt\/images\/concursos_epe2\/BOR01_aviso_concurso.pdf\" target=\"_blank\" rel=\"noopener noreferrer\">Aviso de Abertura<\/a><\/span><\/h5>\n<\/li>\n<li>\n<h5><span style=\"color: #000000;\"><a style=\"color: #000000;\" href=\"https:\/\/www.instituto-camoes.pt\/images\/concursos_epe2\/BOR01.pdf\" target=\"_blank\" rel=\"noopener noreferrer\">Hor\u00e1rio BOR01<\/a><\/span><\/h5>\n<\/li>\n<li>\n<h5><span style=\"color: #000000;\"><a style=\"color: #000000;\" href=\"https:\/\/www.instituto-camoes.pt\/images\/concursos_epe2\/Consentimento_expresso_para_efeitos_de_submiss%C3%A3o_dos_documentos_de_identifica%C3%A7%C3%A3o.pdf\" target=\"_blank\" rel=\"noopener noreferrer\">Declara\u00e7\u00e3o de consentimento expresso para efeitos de submiss\u00e3o dos documentos de identifica\u00e7\u00e3o<\/a><\/span><\/h5>\n<\/li>\n<li>\n<h5><span style=\"color: #000000;\"><a style=\"color: #000000;\" href=\"https:\/\/www.instituto-camoes.pt\/images\/concursos_epe2\/Consentimento_informado_para_recolha_tratamentos_dados.pdf\" target=\"_blank\" rel=\"noopener noreferrer\">Declara\u00e7\u00e3o de consentimento informado para processo de sele\u00e7\u00e3o e recrutamento<\/a><\/span><\/h5>\n<\/li>\n<\/ul>\n","protected":false},"excerpt":{"rendered":"<p>Abertura de Procedimento Concursal Simplificado destinado ao recrutamento local de docente do ensino portugu\u00eas no estrangeiro para o 1\u00ba Ciclo do ensino b\u00e1sico, l\u00edngua francesa, hor\u00e1rio a prover, em vacatura, BOR01. Aviso de Abertura Hor\u00e1rio BOR01 Declara\u00e7\u00e3o de consentimento expresso para efeitos de submiss\u00e3o dos documentos de identifica\u00e7\u00e3o Declara\u00e7\u00e3o de consentimento informado para processo de [&hellip;]<\/p>\n","protected":false},"author":4,"featured_media":877,"comment_status":"closed","ping_status":"closed","sticky":false,"template":"","format":"standard","meta":{"_acf_changed":false,"footnotes":""},"categories":[14],"tags":[],"class_list":["post-2982","post","type-post","status-publish","format-standard","has-post-thumbnail","hentry","category-contratacao-local"],"acf":[],"_links":{"self":[{"href":"https:\/\/www.epefrance.org\/fr\/wp-json\/wp\/v2\/posts\/2982","targetHints":{"allow":["GET"]}}],"collection":[{"href":"https:\/\/www.epefrance.org\/fr\/wp-json\/wp\/v2\/posts"}],"about":[{"href":"https:\/\/www.epefrance.org\/fr\/wp-json\/wp\/v2\/types\/post"}],"author":[{"embeddable":true,"href":"https:\/\/www.epefrance.org\/fr\/wp-json\/wp\/v2\/users\/4"}],"replies":[{"embeddable":true,"href":"https:\/\/www.epefrance.org\/fr\/wp-json\/wp\/v2\/comments?post=2982"}],"version-history":[{"count":7,"href":"https:\/\/www.epefrance.org\/fr\/wp-json\/wp\/v2\/posts\/2982\/revisions"}],"predecessor-version":[{"id":2987,"href":"https:\/\/www.epefrance.org\/fr\/wp-json\/wp\/v2\/posts\/2982\/revisions\/2987"}],"wp:featuredmedia":[{"embeddable":true,"href":"https:\/\/www.epefrance.org\/fr\/wp-json\/wp\/v2\/media\/877"}],"wp:attachment":[{"href":"https:\/\/www.epefrance.org\/fr\/wp-json\/wp\/v2\/media?parent=2982"}],"wp:term":[{"taxonomy":"category","embeddable":true,"href":"https:\/\/www.epefrance.org\/fr\/wp-json\/wp\/v2\/categories?post=2982"},{"taxonomy":"post_tag","embeddable":true,"href":"https:\/\/www.epefrance.org\/fr\/wp-json\/wp\/v2\/tags?post=2982"}],"curies":[{"name":"wp","href":"https:\/\/api.w.org\/{rel}","templated":true}]}}