{"id":3229,"date":"2019-12-05T17:21:43","date_gmt":"2019-12-05T16:21:43","guid":{"rendered":"http:\/\/www.epefrance.org\/?p=3229"},"modified":"2019-12-05T17:22:10","modified_gmt":"2019-12-05T16:22:10","slug":"assistentes-de-portugues-em-franca-ano-letivo-2020-2021","status":"publish","type":"post","link":"https:\/\/www.epefrance.org\/fr\/candidaturas\/assistentes-de-portugues-em-franca-ano-letivo-2020-2021\/","title":{"rendered":"Assistentes de Portugu\u00eas em Fran\u00e7a &#8211; ano letivo 2020\/2021"},"content":{"rendered":"<p><span style=\"font: 500 12pt\/20px georgia,palatino,serif; text-align: left; color: #000000; text-transform: none; text-indent: 0px; letter-spacing: normal; text-decoration: none; word-spacing: 0px; display: inline !important; white-space: normal; orphans: 2; font-size-adjust: none; font-stretch: normal; float: none; -webkit-text-stroke-width: 0px; background-color: #ffffff;\">Decorrem, at\u00e9 ao dia 31 de janeiro de 2020, as candidaturas para Assistentes de Portugu\u00eas em Fran\u00e7a.<\/span><\/p>\n<p>Mais informa\u00e7\u00e3o em <a href=\"https:\/\/www.sec-geral.mec.pt\/noticia\/candidaturas-para-assistentes-de-portugues-em-franca-ano-letivo-20202021?fbclid=IwAR0NTZUdsgjIoeccH1ZTivVL2SUH2nnL7TAF76VmWxuGd-n092Q3UZXWlUo\" target=\"_blank\" rel=\"noopener noreferrer\">Secretaria-Geral da Educa\u00e7\u00e3o e Ci\u00eancia<\/a><\/p>\n<p>&nbsp;<\/p>\n","protected":false},"excerpt":{"rendered":"<p>Decorrem, at\u00e9 ao dia 31 de janeiro de 2020, as candidaturas para Assistentes de Portugu\u00eas em Fran\u00e7a. Mais informa\u00e7\u00e3o em Secretaria-Geral da Educa\u00e7\u00e3o e Ci\u00eancia &nbsp;<\/p>\n","protected":false},"author":4,"featured_media":3225,"comment_status":"closed","ping_status":"closed","sticky":false,"template":"","format":"standard","meta":{"_acf_changed":false,"footnotes":""},"categories":[20],"tags":[],"class_list":["post-3229","post","type-post","status-publish","format-standard","has-post-thumbnail","hentry","category-candidaturas"],"acf":[],"_links":{"self":[{"href":"https:\/\/www.epefrance.org\/fr\/wp-json\/wp\/v2\/posts\/3229","targetHints":{"allow":["GET"]}}],"collection":[{"href":"https:\/\/www.epefrance.org\/fr\/wp-json\/wp\/v2\/posts"}],"about":[{"href":"https:\/\/www.epefrance.org\/fr\/wp-json\/wp\/v2\/types\/post"}],"author":[{"embeddable":true,"href":"https:\/\/www.epefrance.org\/fr\/wp-json\/wp\/v2\/users\/4"}],"replies":[{"embeddable":true,"href":"https:\/\/www.epefrance.org\/fr\/wp-json\/wp\/v2\/comments?post=3229"}],"version-history":[{"count":5,"href":"https:\/\/www.epefrance.org\/fr\/wp-json\/wp\/v2\/posts\/3229\/revisions"}],"predecessor-version":[{"id":3235,"href":"https:\/\/www.epefrance.org\/fr\/wp-json\/wp\/v2\/posts\/3229\/revisions\/3235"}],"wp:featuredmedia":[{"embeddable":true,"href":"https:\/\/www.epefrance.org\/fr\/wp-json\/wp\/v2\/media\/3225"}],"wp:attachment":[{"href":"https:\/\/www.epefrance.org\/fr\/wp-json\/wp\/v2\/media?parent=3229"}],"wp:term":[{"taxonomy":"category","embeddable":true,"href":"https:\/\/www.epefrance.org\/fr\/wp-json\/wp\/v2\/categories?post=3229"},{"taxonomy":"post_tag","embeddable":true,"href":"https:\/\/www.epefrance.org\/fr\/wp-json\/wp\/v2\/tags?post=3229"}],"curies":[{"name":"wp","href":"https:\/\/api.w.org\/{rel}","templated":true}]}}