{"id":3340,"date":"2020-02-06T11:43:32","date_gmt":"2020-02-06T10:43:32","guid":{"rendered":"http:\/\/www.epefrance.org\/?p=3340"},"modified":"2020-02-06T11:43:58","modified_gmt":"2020-02-06T10:43:58","slug":"assistentes-de-portugues-em-franca-ano-letivo-2020-2021-prologamento-do-prazo-de-candidaturas","status":"publish","type":"post","link":"https:\/\/www.epefrance.org\/fr\/candidaturas\/assistentes-de-portugues-em-franca-ano-letivo-2020-2021-prologamento-do-prazo-de-candidaturas\/","title":{"rendered":"Assistentes de Portugu\u00eas em Fran\u00e7a \u2013 ano letivo 2020\/2021 \u2013 prologamento do prazo de candidaturas"},"content":{"rendered":"<p>O prazo de candidaturas para Assistentes de Portugu\u00eas em Fran\u00e7a para o ano letivo de 2019-2020 foi prolongado, at\u00e9 ao pr\u00f3ximo dia <strong>29 de fevereiro<\/strong>.<\/p>\n<p>Para mais informa\u00e7\u00f5es, em\u00a0 <a href=\"https:\/\/www.sec-geral.mec.pt\/noticia\/assistentes-de-portugues-em-franca-ano-letivo-20192020-prolongamento-do-prazo-de-1\" target=\"_blank\" rel=\"noopener noreferrer\">Secretaria-Geral de Educa\u00e7\u00e3o e Ci\u00eancia<\/a> e\u00a0<a href=\"https:\/\/www.ciep.fr\/assistants-langue-france\" target=\"_blank\" rel=\"noopener noreferrer\">https:\/\/www.ciep.fr\/assistants-langue-france<\/a><\/p>\n<p><img decoding=\"async\" class=\"details-image aligncenter\" draggable=\"false\" src=\"https:\/\/www.epefrance.org\/wp-content\/uploads\/2020\/02\/assistants-de-langue-e1580985752462.jpg\" alt=\"\" \/><\/p>\n<p>&nbsp;<\/p>\n","protected":false},"excerpt":{"rendered":"<p>O prazo de candidaturas para Assistentes de Portugu\u00eas em Fran\u00e7a para o ano letivo de 2019-2020 foi prolongado, at\u00e9 ao pr\u00f3ximo dia 29 de fevereiro. Para mais informa\u00e7\u00f5es, em\u00a0 Secretaria-Geral de Educa\u00e7\u00e3o e Ci\u00eancia e\u00a0https:\/\/www.ciep.fr\/assistants-langue-france &nbsp;<\/p>\n","protected":false},"author":4,"featured_media":3225,"comment_status":"closed","ping_status":"closed","sticky":false,"template":"","format":"standard","meta":{"_acf_changed":false,"footnotes":""},"categories":[20],"tags":[],"class_list":["post-3340","post","type-post","status-publish","format-standard","has-post-thumbnail","hentry","category-candidaturas"],"acf":[],"_links":{"self":[{"href":"https:\/\/www.epefrance.org\/fr\/wp-json\/wp\/v2\/posts\/3340","targetHints":{"allow":["GET"]}}],"collection":[{"href":"https:\/\/www.epefrance.org\/fr\/wp-json\/wp\/v2\/posts"}],"about":[{"href":"https:\/\/www.epefrance.org\/fr\/wp-json\/wp\/v2\/types\/post"}],"author":[{"embeddable":true,"href":"https:\/\/www.epefrance.org\/fr\/wp-json\/wp\/v2\/users\/4"}],"replies":[{"embeddable":true,"href":"https:\/\/www.epefrance.org\/fr\/wp-json\/wp\/v2\/comments?post=3340"}],"version-history":[{"count":3,"href":"https:\/\/www.epefrance.org\/fr\/wp-json\/wp\/v2\/posts\/3340\/revisions"}],"predecessor-version":[{"id":3344,"href":"https:\/\/www.epefrance.org\/fr\/wp-json\/wp\/v2\/posts\/3340\/revisions\/3344"}],"wp:featuredmedia":[{"embeddable":true,"href":"https:\/\/www.epefrance.org\/fr\/wp-json\/wp\/v2\/media\/3225"}],"wp:attachment":[{"href":"https:\/\/www.epefrance.org\/fr\/wp-json\/wp\/v2\/media?parent=3340"}],"wp:term":[{"taxonomy":"category","embeddable":true,"href":"https:\/\/www.epefrance.org\/fr\/wp-json\/wp\/v2\/categories?post=3340"},{"taxonomy":"post_tag","embeddable":true,"href":"https:\/\/www.epefrance.org\/fr\/wp-json\/wp\/v2\/tags?post=3340"}],"curies":[{"name":"wp","href":"https:\/\/api.w.org\/{rel}","templated":true}]}}