{"id":3870,"date":"2020-09-30T18:27:53","date_gmt":"2020-09-30T17:27:53","guid":{"rendered":"http:\/\/www.epefrance.org\/?p=3870"},"modified":"2020-09-30T18:27:53","modified_gmt":"2020-09-30T17:27:53","slug":"procedimento-concursal-simplificado-horario-a-prover-lyo15h","status":"publish","type":"post","link":"https:\/\/www.epefrance.org\/fr\/procedimento-concursal-simplificado\/procedimento-concursal-simplificado-horario-a-prover-lyo15h\/","title":{"rendered":"Procedimento concursal simplificado &#8211; hor\u00e1rio a prover LYO15H"},"content":{"rendered":"<p>Procedimento concursal simplificado destinado ao recrutamento local de 1 professor da rede de ensino portugu\u00eas no estrangeiro para o 2\u00b0-3\u00b0 CEB e Secund\u00e1rio &#8211; hor\u00e1rio LYO15 H \u2013 l\u00edngua francesa (2.\u00ba aviso de abertura)<\/p>\n<ul class=\"standard-boolet-list\">\n<li><a href=\"https:\/\/www.instituto-camoes.pt\/images\/concursos_epe2\/2._Aviso_abertura_LYO_15H.pdf\" target=\"_blank\" rel=\"noopener noreferrer\">Aviso de abertura<\/a><\/li>\n<li><a href=\"https:\/\/www.instituto-camoes.pt\/images\/concursos_epe2\/Consentimento_expresso_para_efeitos_de_submiss%C3%A3o_dos_documentos_de_identifica%C3%A7%C3%A3o.pdf\" target=\"_blank\" rel=\"noopener noreferrer\">Declara\u00e7\u00e3o de consentimento expresso para efeitos de submiss\u00e3o dos documentos de identifica\u00e7\u00e3o<\/a><\/li>\n<li><a href=\"https:\/\/www.instituto-camoes.pt\/images\/concursos_epe2\/Consentimento_informado_para_recolha_tratamentos_de_dados.pdf\" target=\"_blank\" rel=\"noopener noreferrer\">Declara\u00e7\u00e3o de consentimento informado para processo de sele\u00e7\u00e3o e recrutamento<\/a><\/li>\n<li><a href=\"https:\/\/www.instituto-camoes.pt\/images\/concursos_epe2\/C%C3%B3pia_de_Hor%C3%A1rio_a_concurso_LYO_15_H.pdf\" target=\"_blank\" rel=\"noopener noreferrer\">Hor\u00e1rio LYO15-HHor\u00e1rio\u00a0LYO15-H<\/a><\/li>\n<\/ul>\n","protected":false},"excerpt":{"rendered":"<p>Procedimento concursal simplificado destinado ao recrutamento local de 1 professor da rede de ensino portugu\u00eas no estrangeiro para o 2\u00b0-3\u00b0 CEB e Secund\u00e1rio &#8211; hor\u00e1rio LYO15 H \u2013 l\u00edngua francesa (2.\u00ba aviso de abertura) Aviso de abertura Declara\u00e7\u00e3o de consentimento expresso para efeitos de submiss\u00e3o dos documentos de identifica\u00e7\u00e3o Declara\u00e7\u00e3o de consentimento informado para processo [&hellip;]<\/p>\n","protected":false},"author":4,"featured_media":3756,"comment_status":"closed","ping_status":"closed","sticky":false,"template":"","format":"standard","meta":{"_acf_changed":false,"footnotes":""},"categories":[32],"tags":[],"class_list":["post-3870","post","type-post","status-publish","format-standard","has-post-thumbnail","hentry","category-procedimento-concursal-simplificado"],"acf":[],"_links":{"self":[{"href":"https:\/\/www.epefrance.org\/fr\/wp-json\/wp\/v2\/posts\/3870","targetHints":{"allow":["GET"]}}],"collection":[{"href":"https:\/\/www.epefrance.org\/fr\/wp-json\/wp\/v2\/posts"}],"about":[{"href":"https:\/\/www.epefrance.org\/fr\/wp-json\/wp\/v2\/types\/post"}],"author":[{"embeddable":true,"href":"https:\/\/www.epefrance.org\/fr\/wp-json\/wp\/v2\/users\/4"}],"replies":[{"embeddable":true,"href":"https:\/\/www.epefrance.org\/fr\/wp-json\/wp\/v2\/comments?post=3870"}],"version-history":[{"count":2,"href":"https:\/\/www.epefrance.org\/fr\/wp-json\/wp\/v2\/posts\/3870\/revisions"}],"predecessor-version":[{"id":3872,"href":"https:\/\/www.epefrance.org\/fr\/wp-json\/wp\/v2\/posts\/3870\/revisions\/3872"}],"wp:featuredmedia":[{"embeddable":true,"href":"https:\/\/www.epefrance.org\/fr\/wp-json\/wp\/v2\/media\/3756"}],"wp:attachment":[{"href":"https:\/\/www.epefrance.org\/fr\/wp-json\/wp\/v2\/media?parent=3870"}],"wp:term":[{"taxonomy":"category","embeddable":true,"href":"https:\/\/www.epefrance.org\/fr\/wp-json\/wp\/v2\/categories?post=3870"},{"taxonomy":"post_tag","embeddable":true,"href":"https:\/\/www.epefrance.org\/fr\/wp-json\/wp\/v2\/tags?post=3870"}],"curies":[{"name":"wp","href":"https:\/\/api.w.org\/{rel}","templated":true}]}}