{"id":3875,"date":"2020-10-05T12:05:35","date_gmt":"2020-10-05T11:05:35","guid":{"rendered":"http:\/\/www.epefrance.org\/?p=3875"},"modified":"2020-10-05T12:05:35","modified_gmt":"2020-10-05T11:05:35","slug":"journee-detudes-voir-revoir-lecriture-de-femmes-au-portugal-1926-1974","status":"publish","type":"post","link":"https:\/\/www.epefrance.org\/fr\/non-classe\/journee-detudes-voir-revoir-lecriture-de-femmes-au-portugal-1926-1974\/","title":{"rendered":"Journ\u00e9e d&rsquo;Etudes \u00ab\u00a0Voir\/Revoir l&rsquo;Ecriture de femmes  au Portugal (1926-1974)\u00a0\u00bb"},"content":{"rendered":"<p>\u00ab\u00a0Le CRILUS vous donne rendez-vous \u00e0 l&rsquo;universit\u00e9 Paris Nanterre pour une journ\u00e9e d\u2019\u00e9tudes autour de communications qui se penchent sur les contraintes de la production litt\u00e9raire des femmes, en particulier pendant les quatre d\u00e9cennies du r\u00e9gime autoritaire, ainsi que sur les m\u00e9canismes d\u2019invisibilit\u00e9 qui ont souvent caract\u00e9ris\u00e9 la r\u00e9ception de leurs ouvrages.\u00a0\u00bb<\/p>\n<p><a href=\"https:\/\/crilus.parisnanterre.fr\/manifestations-\/journee-d-etudes-voir-revoir-l-ecriture-de-femmes-au-portugal-1926-1974--980244.kjsp?RH=1458826284973&amp;fbclid=IwAR3Ln0bj8q7sQBdWM1IYKnNrRYrjwRUKb-R4LE9nc2ivLVctfr3TtUiMArE\" target=\"_blank\" rel=\"noopener noreferrer\">https:\/\/crilus.parisnanterre.fr\/manifestations-\/journee-d-etudes-voir-revoir-l-ecriture-de-femmes-au-portugal-1926-1974&#8211;980244.kjsp?RH=1458826284973&amp;fbclid=IwAR3Ln0bj8q7sQBdWM1IYKnNrRYrjwRUKb-R4LE9nc2ivLVctfr3TtUiMArE<\/a><\/p>\n<p>&nbsp;<\/p>\n<p>&nbsp;<\/p>\n","protected":false},"excerpt":{"rendered":"<p>\u00ab\u00a0Le CRILUS vous donne rendez-vous \u00e0 l&rsquo;universit\u00e9 Paris Nanterre pour une journ\u00e9e d\u2019\u00e9tudes autour de communications qui se penchent sur les contraintes de la production litt\u00e9raire des femmes, en particulier pendant les quatre d\u00e9cennies du r\u00e9gime autoritaire, ainsi que sur les m\u00e9canismes d\u2019invisibilit\u00e9 qui ont souvent caract\u00e9ris\u00e9 la r\u00e9ception de leurs ouvrages.\u00a0\u00bb https:\/\/crilus.parisnanterre.fr\/manifestations-\/journee-d-etudes-voir-revoir-l-ecriture-de-femmes-au-portugal-1926-1974&#8211;980244.kjsp?RH=1458826284973&amp;fbclid=IwAR3Ln0bj8q7sQBdWM1IYKnNrRYrjwRUKb-R4LE9nc2ivLVctfr3TtUiMArE &nbsp; &nbsp;<\/p>\n","protected":false},"author":4,"featured_media":3877,"comment_status":"closed","ping_status":"closed","sticky":false,"template":"","format":"standard","meta":{"_acf_changed":false,"footnotes":""},"categories":[27,1],"tags":[],"class_list":["post-3875","post","type-post","status-publish","format-standard","has-post-thumbnail","hentry","category-coloquio","category-non-classe"],"acf":[],"_links":{"self":[{"href":"https:\/\/www.epefrance.org\/fr\/wp-json\/wp\/v2\/posts\/3875","targetHints":{"allow":["GET"]}}],"collection":[{"href":"https:\/\/www.epefrance.org\/fr\/wp-json\/wp\/v2\/posts"}],"about":[{"href":"https:\/\/www.epefrance.org\/fr\/wp-json\/wp\/v2\/types\/post"}],"author":[{"embeddable":true,"href":"https:\/\/www.epefrance.org\/fr\/wp-json\/wp\/v2\/users\/4"}],"replies":[{"embeddable":true,"href":"https:\/\/www.epefrance.org\/fr\/wp-json\/wp\/v2\/comments?post=3875"}],"version-history":[{"count":3,"href":"https:\/\/www.epefrance.org\/fr\/wp-json\/wp\/v2\/posts\/3875\/revisions"}],"predecessor-version":[{"id":3879,"href":"https:\/\/www.epefrance.org\/fr\/wp-json\/wp\/v2\/posts\/3875\/revisions\/3879"}],"wp:featuredmedia":[{"embeddable":true,"href":"https:\/\/www.epefrance.org\/fr\/wp-json\/wp\/v2\/media\/3877"}],"wp:attachment":[{"href":"https:\/\/www.epefrance.org\/fr\/wp-json\/wp\/v2\/media?parent=3875"}],"wp:term":[{"taxonomy":"category","embeddable":true,"href":"https:\/\/www.epefrance.org\/fr\/wp-json\/wp\/v2\/categories?post=3875"},{"taxonomy":"post_tag","embeddable":true,"href":"https:\/\/www.epefrance.org\/fr\/wp-json\/wp\/v2\/tags?post=3875"}],"curies":[{"name":"wp","href":"https:\/\/api.w.org\/{rel}","templated":true}]}}