{"id":4207,"date":"2020-12-22T22:08:12","date_gmt":"2020-12-22T21:08:12","guid":{"rendered":"http:\/\/www.epefrance.org\/?p=4207"},"modified":"2020-12-22T22:46:50","modified_gmt":"2020-12-22T21:46:50","slug":"candidaturas-para-assistentes-de-portugues-em-franca-ano-letivo-2021-2022","status":"publish","type":"post","link":"https:\/\/www.epefrance.org\/fr\/candidaturas\/candidaturas-para-assistentes-de-portugues-em-franca-ano-letivo-2021-2022\/","title":{"rendered":"Candidaturas para Assistentes de Portugu\u00eas em Fran\u00e7a &#8211; ano letivo 2021\/2022"},"content":{"rendered":"<p><a href=\"https:\/\/www.sec-geral.mec.pt\/noticia\/candidaturas-para-assistentes-de-portugues-em-franca-ano-letivo-20212022\">https:\/\/www.sec-geral.mec.pt\/noticia\/candidaturas-para-assistentes-de-portugues-em-franca-ano-letivo-20212022<\/a><\/p>\n<p>\u00ab\u00a0Decorrem, at\u00e9 ao dia 28 de fevereiro de 2021, as candidaturas para Assistentes de Portugu\u00eas em Fran\u00e7a.<\/p>\n<p>\u2022 Tem vontade de viver uma experi\u00eancia em Fran\u00e7a?<\/p>\n<p>\u2022 Deseja melhorar o seu n\u00edvel de franc\u00eas e o seu conhecimento sobre Fran\u00e7a? Conhecer novas pessoas? Partilhar com franceses a sua cultura e a sua l\u00edngua?<\/p>\n<p>\u2022 Gostaria de contribuir para o desenvolvimento dos interc\u00e2mbios entre estudantes, professores e alunos?<\/p>\n<p>\u2022 Est\u00e1 pronto(a) para participar na vida de um estabelecimento escolar ou de uma classe?<\/p>\n<p>\u2022 Tem necessidade desta experi\u00eancia para o seu futuro profissional?<\/p>\n<p>Podem candidatar-se jovens, estudantes \u00e0 data da candidatura, a partir do 2.\u00ba ano da licenciatura e licenciados a frequentar estudos p\u00f3s-graduados &#8211; em qualquer \u00e1rea do conhecimento, com os seguintes requisitos:<\/p>\n<ul>\n<li>Nacionalidade portuguesa;<\/li>\n<li>Idade entre os 20 e os 35 anos;<\/li>\n<li>Possuir compet\u00eancias lingu\u00edsticas em franc\u00eas de n\u00edvel B1 (Quadro Europeu Comum de Refer\u00eancia para as L\u00ednguas).<\/li>\n<\/ul>\n<p>Os Assistentes de Portugu\u00eas t\u00eam como fun\u00e7\u00e3o principal apoiar as aulas dos professores de l\u00edngua portuguesa em estabelecimentos de ensino n\u00e3o superior em Fran\u00e7a, nomeadamente em <em>coll\u00e8ges e lyc\u00e9es<\/em> (ensinos b\u00e1sico e secund\u00e1rio).<\/p>\n<p>O seu trabalho inclui o desenvolvimento de atividades e projetos did\u00e1ticos que estimulem, de forma din\u00e2mica e criativa, a aprendizagem e a divulga\u00e7\u00e3o da l\u00edngua e da cultura portuguesas, recorrendo \u00e0 literatura, \u00e0 m\u00fasica, ao cinema e \u00e0s artes pl\u00e1sticas, entre outros dom\u00ednios.<\/p>\n<p>Torne-se assistente de l\u00edngua portuguesa em Fran\u00e7a!\u00a0\u00bb<\/p>\n<p>Para mais informa\u00e7\u00f5es, queira consultar o site de <a href=\"https:\/\/www.france-education-international.fr\/assistants-langue-france\">FEI<\/a><\/p>\n<p><a href=\"https:\/\/www.france-education-international.fr\/assistants-etrangers-france\/pays-concernes\/coordonnees-portugal\">Contacto em Portugal: <\/a><\/p>\n<p><a href=\"mailto:rosalina.rodrigues@sec-geral.mec.pt\">rosalina.rodrigues@sec-geral.mec.pt<\/a><br \/>\n<a href=\"http:\/\/www.sec-geral.mec.pt\/\">www.sec-geral.mec.pt\/<\/a><\/p>\n<p><a href=\"https:\/\/www.france-education-international.fr\/sites\/default\/files\/atoms\/files\/dossier-candidature-unique-alve-2021-2022.pdf\"><strong>Dossier de candidatura<\/strong><\/a><\/p>\n","protected":false},"excerpt":{"rendered":"<p>https:\/\/www.sec-geral.mec.pt\/noticia\/candidaturas-para-assistentes-de-portugues-em-franca-ano-letivo-20212022 \u00ab\u00a0Decorrem, at\u00e9 ao dia 28 de fevereiro de 2021, as candidaturas para Assistentes de Portugu\u00eas em Fran\u00e7a. \u2022 Tem vontade de viver uma experi\u00eancia em Fran\u00e7a? \u2022 Deseja melhorar o seu n\u00edvel de franc\u00eas e o seu conhecimento sobre Fran\u00e7a? Conhecer novas pessoas? Partilhar com franceses a sua cultura e a sua l\u00edngua? \u2022 [&hellip;]<\/p>\n","protected":false},"author":4,"featured_media":4216,"comment_status":"closed","ping_status":"closed","sticky":false,"template":"","format":"standard","meta":{"_acf_changed":false,"footnotes":""},"categories":[20],"tags":[],"class_list":["post-4207","post","type-post","status-publish","format-standard","has-post-thumbnail","hentry","category-candidaturas"],"acf":[],"_links":{"self":[{"href":"https:\/\/www.epefrance.org\/fr\/wp-json\/wp\/v2\/posts\/4207","targetHints":{"allow":["GET"]}}],"collection":[{"href":"https:\/\/www.epefrance.org\/fr\/wp-json\/wp\/v2\/posts"}],"about":[{"href":"https:\/\/www.epefrance.org\/fr\/wp-json\/wp\/v2\/types\/post"}],"author":[{"embeddable":true,"href":"https:\/\/www.epefrance.org\/fr\/wp-json\/wp\/v2\/users\/4"}],"replies":[{"embeddable":true,"href":"https:\/\/www.epefrance.org\/fr\/wp-json\/wp\/v2\/comments?post=4207"}],"version-history":[{"count":5,"href":"https:\/\/www.epefrance.org\/fr\/wp-json\/wp\/v2\/posts\/4207\/revisions"}],"predecessor-version":[{"id":4220,"href":"https:\/\/www.epefrance.org\/fr\/wp-json\/wp\/v2\/posts\/4207\/revisions\/4220"}],"wp:featuredmedia":[{"embeddable":true,"href":"https:\/\/www.epefrance.org\/fr\/wp-json\/wp\/v2\/media\/4216"}],"wp:attachment":[{"href":"https:\/\/www.epefrance.org\/fr\/wp-json\/wp\/v2\/media?parent=4207"}],"wp:term":[{"taxonomy":"category","embeddable":true,"href":"https:\/\/www.epefrance.org\/fr\/wp-json\/wp\/v2\/categories?post=4207"},{"taxonomy":"post_tag","embeddable":true,"href":"https:\/\/www.epefrance.org\/fr\/wp-json\/wp\/v2\/tags?post=4207"}],"curies":[{"name":"wp","href":"https:\/\/api.w.org\/{rel}","templated":true}]}}