{"id":4222,"date":"2021-01-02T12:50:59","date_gmt":"2021-01-02T11:50:59","guid":{"rendered":"http:\/\/www.epefrance.org\/?p=4222"},"modified":"2021-01-02T12:59:27","modified_gmt":"2021-01-02T11:59:27","slug":"inicio-da-presidencia-portuguesa-da-u-e-2021","status":"publish","type":"post","link":"https:\/\/www.epefrance.org\/fr\/2021-portugal-eu\/inicio-da-presidencia-portuguesa-da-u-e-2021\/","title":{"rendered":"In\u00edcio da Presid\u00eancia Portuguesa da U.E. 2021"},"content":{"rendered":"<p>\u00ab\u00a0Entre 1 de janeiro e 30 de junho de 2021, Portugal assume a Presid\u00eancia rotativa do Conselho da\u00a0Uni\u00e3o Europeia, com o lema \u201c<strong>Tempo de agir: Por uma recupera\u00e7\u00e3o justa, verde e digital<\/strong>\u201d.<\/p>\n<p>Nesse \u00e2mbito, o Cam\u00f5es &#8211; Instituto da Coopera\u00e7\u00e3o e da L\u00edngua, I.P. contribuir\u00e1 para o Programa da Presid\u00eancia, com objetivos ambiciosos, em mat\u00e9ria de <strong>Parcerias para o Desenvolvimento<\/strong> e <strong>A\u00e7\u00e3o Humanit\u00e1ria,<\/strong> dos quais destacamos:<\/p>\n<ul>\n<li>Dar uma <strong>resposta Europeia \u00e0 pandemia<\/strong> nos pa\u00edses mais afetados e com sistemas de sa\u00fade mais fr\u00e1geis;<\/li>\n<li>Contribuir para o di\u00e1logo estrat\u00e9gico entre a <strong>Uni\u00e3o Europeia e \u00c1frica<\/strong> sobre paz e seguran\u00e7a, transi\u00e7\u00e3o energ\u00e9tica, com\u00e9rcio, fluxos populacionais ou crises sanit\u00e1rias;<\/li>\n<li>Repor o <strong>Desenvolvimento Humano<\/strong> no lugar de destaque que merece, pela import\u00e2ncia do acesso \u00e0 sa\u00fade e \u00e0 educa\u00e7\u00e3o para todos;<\/li>\n<li>Debater o <strong>Desenvolvimento em Transi\u00e7\u00e3o<\/strong>, para que os pa\u00edses de rendimento m\u00e9dio, n\u00e3o retrocedam por falta de apoio nesta fase crucial do seu desenvolvimento;<\/li>\n<li><strong>Trabalhar melhor em conjunto<\/strong> com os nossos parceiros europeus em prol do desenvolvimento global;<\/li>\n<li>Aprofundar a discuss\u00e3o sobre os <strong>impactos das altera\u00e7\u00f5es clim\u00e1ticas na A\u00e7\u00e3o Humanit\u00e1ria<\/strong>, dando \u00eanfase \u00e0 integra\u00e7\u00e3o da resili\u00eancia e redu\u00e7\u00e3o do risco de desastres, com particular aten\u00e7\u00e3o aos contextos fr\u00e1geis;<\/li>\n<li>Valorizar a correla\u00e7\u00e3o entre a ajuda humanit\u00e1ria, a coopera\u00e7\u00e3o para o desenvolvimento e a consolida\u00e7\u00e3o da paz (<strong>Triplo Nexo<\/strong>), salvaguardando os mandatos de cada um dos atores e o respeito pelos Princ\u00edpios Humanit\u00e1rios.;<\/li>\n<li>Debater a <strong>Prote\u00e7\u00e3o e Assist\u00eancia a popula\u00e7\u00f5es mais vulner\u00e1veis<\/strong>, com enfoque nos refugiados e deslocados for\u00e7ados, sobretudo os mais jovens.\u00a0\u00bb<\/li>\n<\/ul>\n<p>S\u00edtio Internet:<br \/>\n<a href=\"https:\/\/www.2021portugal.eu\/\">https:\/\/www.2021portugal.eu<\/a><\/p>\n","protected":false},"excerpt":{"rendered":"<p>\u00ab\u00a0Entre 1 de janeiro e 30 de junho de 2021, Portugal assume a Presid\u00eancia rotativa do Conselho da\u00a0Uni\u00e3o Europeia, com o lema \u201cTempo de agir: Por uma recupera\u00e7\u00e3o justa, verde e digital\u201d. Nesse \u00e2mbito, o Cam\u00f5es &#8211; Instituto da Coopera\u00e7\u00e3o e da L\u00edngua, I.P. contribuir\u00e1 para o Programa da Presid\u00eancia, com objetivos ambiciosos, em mat\u00e9ria [&hellip;]<\/p>\n","protected":false},"author":4,"featured_media":4225,"comment_status":"closed","ping_status":"closed","sticky":false,"template":"","format":"standard","meta":{"_acf_changed":false,"footnotes":""},"categories":[36],"tags":[],"class_list":["post-4222","post","type-post","status-publish","format-standard","has-post-thumbnail","hentry","category-2021-portugal-eu"],"acf":[],"_links":{"self":[{"href":"https:\/\/www.epefrance.org\/fr\/wp-json\/wp\/v2\/posts\/4222","targetHints":{"allow":["GET"]}}],"collection":[{"href":"https:\/\/www.epefrance.org\/fr\/wp-json\/wp\/v2\/posts"}],"about":[{"href":"https:\/\/www.epefrance.org\/fr\/wp-json\/wp\/v2\/types\/post"}],"author":[{"embeddable":true,"href":"https:\/\/www.epefrance.org\/fr\/wp-json\/wp\/v2\/users\/4"}],"replies":[{"embeddable":true,"href":"https:\/\/www.epefrance.org\/fr\/wp-json\/wp\/v2\/comments?post=4222"}],"version-history":[{"count":1,"href":"https:\/\/www.epefrance.org\/fr\/wp-json\/wp\/v2\/posts\/4222\/revisions"}],"predecessor-version":[{"id":4224,"href":"https:\/\/www.epefrance.org\/fr\/wp-json\/wp\/v2\/posts\/4222\/revisions\/4224"}],"wp:featuredmedia":[{"embeddable":true,"href":"https:\/\/www.epefrance.org\/fr\/wp-json\/wp\/v2\/media\/4225"}],"wp:attachment":[{"href":"https:\/\/www.epefrance.org\/fr\/wp-json\/wp\/v2\/media?parent=4222"}],"wp:term":[{"taxonomy":"category","embeddable":true,"href":"https:\/\/www.epefrance.org\/fr\/wp-json\/wp\/v2\/categories?post=4222"},{"taxonomy":"post_tag","embeddable":true,"href":"https:\/\/www.epefrance.org\/fr\/wp-json\/wp\/v2\/tags?post=4222"}],"curies":[{"name":"wp","href":"https:\/\/api.w.org\/{rel}","templated":true}]}}