{"id":4663,"date":"2021-05-03T15:52:03","date_gmt":"2021-05-03T14:52:03","guid":{"rendered":"http:\/\/www.epefrance.org\/?p=4663"},"modified":"2021-05-03T15:52:47","modified_gmt":"2021-05-03T14:52:47","slug":"inscricoes-nos-cursos-de-portugues-ecole-elementaire-para-o-proximo-ano-letivo-2021-2022","status":"publish","type":"post","link":"https:\/\/www.epefrance.org\/fr\/non-classe\/inscricoes-nos-cursos-de-portugues-ecole-elementaire-para-o-proximo-ano-letivo-2021-2022\/","title":{"rendered":"Inscri\u00e7\u00f5es nos cursos de portugu\u00eas (\u00e9cole \u00e9l\u00e9mentaire) para o pr\u00f3ximo ano letivo 2021\/2022"},"content":{"rendered":"<p style=\"text-align: center;\"><span style=\"color: #b50000;\"><strong>EILE \u2013 E<\/strong>nsino <strong>I<\/strong>nternacional de <strong>L<\/strong>\u00edngua<strong> E<\/strong>strangeira<\/span><\/p>\n<p><strong>Como fazer para se inscrever? <\/strong><\/p>\n<ol>\n<li>Na escola que o aluno est\u00e1 a frequentar, o diretor da escola deve distribuir a todos as fichas de inscri\u00e7\u00e3o nos cursos EILE (h\u00e1 4 l\u00ednguas que s\u00e3o propostas, entre elas o portugu\u00eas). Os pais preenchem a inscri\u00e7\u00e3o que entregam ao diretor da escola.<\/li>\n<\/ol>\n<p>Apesar de o professor de portugu\u00eas ser colocado pelo instituto Cam\u00f5es, os cursos EILE s\u00e3o um dispositivo do minist\u00e9rio da educa\u00e7\u00e3o franc\u00eas e, por esta raz\u00e3o, \u00e9 o diretor da escola que faz as inscri\u00e7\u00f5es.<\/p>\n<ol start=\"2\">\n<li>Quando terminam as inscri\u00e7\u00f5es, os diretores transmitem-nas \u00e0 inspe\u00e7\u00e3o que reagrupa e organiza tudo para depois decidir quais as escolas onde v\u00e3o ter lugar os cursos e com quantas turmas (em fun\u00e7\u00e3o do n\u00famero de alunos).<\/li>\n<li>S\u00f3 depois, as v\u00e1rias inspe\u00e7\u00f5es\u00a0<strong>transmitem \u00e0 coordena\u00e7\u00e3o do ensino<\/strong>que escolas selecionaram para o curso ter lugar e com quantos alunos. Normalmente d\u00e3o continuidade \u00e0s escolas que j\u00e1 est\u00e3o a funcionar, caso elas continuem a ter inscritos, mas podem propor a abertura de mais cursos de portugu\u00eas. \u00c9 por esta raz\u00e3o que o curso pode n\u00e3o ter lugar na escola que o aluno frequenta mas, numa outra escola pertencente \u00e0 mesma inspe\u00e7\u00e3o.<\/li>\n<\/ol>\n<p>Em agosto, quando a rede de cursos estiver aprovada e publicada em Di\u00e1rio da Rep\u00fablica, a coordena\u00e7\u00e3o do Ensino publica no seu <em>site<\/em> (<a href=\"https:\/\/www.epefrance.org\/\">www.epefrance.org<\/a>) a lista dos cursos de portugu\u00eas que ir\u00e3o ter lugar a partir de setembro. Os pais podem consultar a lista que estar\u00e1 ordenada por departamento e saber assim onde ter\u00e3o lugar os cursos mais pr\u00f3ximos da sua resid\u00eancia. Poder\u00e1 ser na escola do aluno ou noutra pertencente \u00e0 mesma inspe\u00e7\u00e3o.<\/p>\n","protected":false},"excerpt":{"rendered":"<p>EILE \u2013 Ensino Internacional de L\u00edngua Estrangeira Como fazer para se inscrever? Na escola que o aluno est\u00e1 a frequentar, o diretor da escola deve distribuir a todos as fichas de inscri\u00e7\u00e3o nos cursos EILE (h\u00e1 4 l\u00ednguas que s\u00e3o propostas, entre elas o portugu\u00eas). Os pais preenchem a inscri\u00e7\u00e3o que entregam ao diretor da [&hellip;]<\/p>\n","protected":false},"author":4,"featured_media":3776,"comment_status":"closed","ping_status":"closed","sticky":false,"template":"","format":"standard","meta":{"_acf_changed":false,"footnotes":""},"categories":[30,1],"tags":[],"class_list":["post-4663","post","type-post","status-publish","format-standard","has-post-thumbnail","hentry","category-informacao","category-non-classe"],"acf":[],"_links":{"self":[{"href":"https:\/\/www.epefrance.org\/fr\/wp-json\/wp\/v2\/posts\/4663","targetHints":{"allow":["GET"]}}],"collection":[{"href":"https:\/\/www.epefrance.org\/fr\/wp-json\/wp\/v2\/posts"}],"about":[{"href":"https:\/\/www.epefrance.org\/fr\/wp-json\/wp\/v2\/types\/post"}],"author":[{"embeddable":true,"href":"https:\/\/www.epefrance.org\/fr\/wp-json\/wp\/v2\/users\/4"}],"replies":[{"embeddable":true,"href":"https:\/\/www.epefrance.org\/fr\/wp-json\/wp\/v2\/comments?post=4663"}],"version-history":[{"count":1,"href":"https:\/\/www.epefrance.org\/fr\/wp-json\/wp\/v2\/posts\/4663\/revisions"}],"predecessor-version":[{"id":4664,"href":"https:\/\/www.epefrance.org\/fr\/wp-json\/wp\/v2\/posts\/4663\/revisions\/4664"}],"wp:featuredmedia":[{"embeddable":true,"href":"https:\/\/www.epefrance.org\/fr\/wp-json\/wp\/v2\/media\/3776"}],"wp:attachment":[{"href":"https:\/\/www.epefrance.org\/fr\/wp-json\/wp\/v2\/media?parent=4663"}],"wp:term":[{"taxonomy":"category","embeddable":true,"href":"https:\/\/www.epefrance.org\/fr\/wp-json\/wp\/v2\/categories?post=4663"},{"taxonomy":"post_tag","embeddable":true,"href":"https:\/\/www.epefrance.org\/fr\/wp-json\/wp\/v2\/tags?post=4663"}],"curies":[{"name":"wp","href":"https:\/\/api.w.org\/{rel}","templated":true}]}}