{"id":4681,"date":"2021-05-05T10:00:15","date_gmt":"2021-05-05T09:00:15","guid":{"rendered":"http:\/\/www.epefrance.org\/?p=4681"},"modified":"2021-05-05T18:26:47","modified_gmt":"2021-05-05T17:26:47","slug":"primeiros-premios-primario-2o-e-3o-ciclos-liceu-do-concurso-fotografico-de-leitura-poemas-que-falam-da-lingua","status":"publish","type":"post","link":"https:\/\/www.epefrance.org\/fr\/dia-mundial-da-lingua-portuguesa\/primeiros-premios-primario-2o-e-3o-ciclos-liceu-do-concurso-fotografico-de-leitura-poemas-que-falam-da-lingua\/","title":{"rendered":"Poemas que falam da L\u00edngua &#8211; 5 de maio &#8211; Dia Mundial da L\u00edngua Portuguesa"},"content":{"rendered":"<p style=\"text-align: center;\"><strong><span style=\"color: #940f0f;\">1\u00ba Pr\u00e9mio &#8211; Ensino prim\u00e1rio<\/span><\/strong><\/p>\n<p style=\"text-align: center;\"><strong>Helena Santiago<\/strong>, CM2<br \/>\nE.P. La Mignonne, Jou\u00e9-les-Tours (37)<\/p>\n<p style=\"text-align: center;\"><iframe loading=\"lazy\" src=\"\/\/www.youtube.com\/embed\/yjsn5eW-9cE\" width=\"560\" height=\"314\" allowfullscreen=\"allowfullscreen\"><\/iframe><\/p>\n<p>&nbsp;<\/p>\n<p style=\"text-align: center;\"><strong><span style=\"color: #940f0f;\">1\u00ba Pr\u00e9mio &#8211; 2\u00ba\/3\u00ba Ciclos<\/span><\/strong><\/p>\n<p style=\"text-align: center;\"><strong>Sofia Vincent<\/strong>, 4\u00e8me<br \/>\nColl\u00e8ge International Saint_germain-en-Laye (78)<\/p>\n<p style=\"text-align: center;\"><iframe loading=\"lazy\" src=\"\/\/www.youtube.com\/embed\/uMk-Gnwz-lk\" width=\"560\" height=\"314\" allowfullscreen=\"allowfullscreen\"><\/iframe><\/p>\n<p>&nbsp;<\/p>\n<p style=\"text-align: center;\"><strong><span style=\"color: #940f0f;\">1\u00ba Pr\u00e9mio &#8211; Secund\u00e1rio<\/span><\/strong><\/p>\n<p style=\"text-align: center;\"><strong>Joana Aguieiras<\/strong>, Terminale<br \/>\nLyc\u00e9e-Coll\u00e8ge Honor\u00e9 de Balzac, Paris (75)<\/p>\n<p style=\"text-align: center;\"><iframe loading=\"lazy\" src=\"\/\/www.youtube.com\/embed\/NHnLKVUadJw\" width=\"560\" height=\"314\" allowfullscreen=\"allowfullscreen\"><\/iframe><\/p>\n<p>&nbsp;<\/p>\n<p>&nbsp;<\/p>\n","protected":false},"excerpt":{"rendered":"<p>1\u00ba Pr\u00e9mio &#8211; Ensino prim\u00e1rio Helena Santiago, CM2 E.P. La Mignonne, Jou\u00e9-les-Tours (37) &nbsp; 1\u00ba Pr\u00e9mio &#8211; 2\u00ba\/3\u00ba Ciclos Sofia Vincent, 4\u00e8me Coll\u00e8ge International Saint_germain-en-Laye (78) &nbsp; 1\u00ba Pr\u00e9mio &#8211; Secund\u00e1rio Joana Aguieiras, Terminale Lyc\u00e9e-Coll\u00e8ge Honor\u00e9 de Balzac, Paris (75) &nbsp; &nbsp;<\/p>\n","protected":false},"author":4,"featured_media":4760,"comment_status":"closed","ping_status":"closed","sticky":false,"template":"","format":"standard","meta":{"_acf_changed":false,"footnotes":""},"categories":[29],"tags":[],"class_list":["post-4681","post","type-post","status-publish","format-standard","has-post-thumbnail","hentry","category-dia-mundial-da-lingua-portuguesa"],"acf":[],"_links":{"self":[{"href":"https:\/\/www.epefrance.org\/fr\/wp-json\/wp\/v2\/posts\/4681","targetHints":{"allow":["GET"]}}],"collection":[{"href":"https:\/\/www.epefrance.org\/fr\/wp-json\/wp\/v2\/posts"}],"about":[{"href":"https:\/\/www.epefrance.org\/fr\/wp-json\/wp\/v2\/types\/post"}],"author":[{"embeddable":true,"href":"https:\/\/www.epefrance.org\/fr\/wp-json\/wp\/v2\/users\/4"}],"replies":[{"embeddable":true,"href":"https:\/\/www.epefrance.org\/fr\/wp-json\/wp\/v2\/comments?post=4681"}],"version-history":[{"count":5,"href":"https:\/\/www.epefrance.org\/fr\/wp-json\/wp\/v2\/posts\/4681\/revisions"}],"predecessor-version":[{"id":4683,"href":"https:\/\/www.epefrance.org\/fr\/wp-json\/wp\/v2\/posts\/4681\/revisions\/4683"}],"wp:featuredmedia":[{"embeddable":true,"href":"https:\/\/www.epefrance.org\/fr\/wp-json\/wp\/v2\/media\/4760"}],"wp:attachment":[{"href":"https:\/\/www.epefrance.org\/fr\/wp-json\/wp\/v2\/media?parent=4681"}],"wp:term":[{"taxonomy":"category","embeddable":true,"href":"https:\/\/www.epefrance.org\/fr\/wp-json\/wp\/v2\/categories?post=4681"},{"taxonomy":"post_tag","embeddable":true,"href":"https:\/\/www.epefrance.org\/fr\/wp-json\/wp\/v2\/tags?post=4681"}],"curies":[{"name":"wp","href":"https:\/\/api.w.org\/{rel}","templated":true}]}}