{"id":4686,"date":"2021-05-05T11:00:24","date_gmt":"2021-05-05T10:00:24","guid":{"rendered":"http:\/\/www.epefrance.org\/?p=4686"},"modified":"2021-05-05T18:27:50","modified_gmt":"2021-05-05T17:27:50","slug":"poemas-que-falam-da-lingua-5-de-maio-dia-mundial-da-lingua-portuguesa","status":"publish","type":"post","link":"https:\/\/www.epefrance.org\/fr\/dia-mundial-da-lingua-portuguesa\/poemas-que-falam-da-lingua-5-de-maio-dia-mundial-da-lingua-portuguesa\/","title":{"rendered":"Poemas que falam da L\u00edngua &#8211; 5 de maio &#8211; Dia Mundial da L\u00edngua Portuguesa"},"content":{"rendered":"<p style=\"text-align: center;\"><span style=\"color: #ab130f;\"><strong>2\u00ba Pr\u00e9mio &#8211; Ensino prim\u00e1rio<\/strong><\/span><\/p>\n<p style=\"text-align: center;\"><strong>Elias Loiseau<\/strong>, CM2<br \/>\nE.P. Pasteur, Luynes (37)<\/p>\n<p style=\"text-align: center;\"><iframe loading=\"lazy\" src=\"\/\/www.youtube.com\/embed\/z02H4xsjqIE\" width=\"560\" height=\"314\" allowfullscreen=\"allowfullscreen\"><\/iframe><\/p>\n<p style=\"text-align: center;\"><span style=\"color: #ab130f;\"><strong>2\u00ba Pr\u00e9mio &#8211; 2\u00ba\/3\u00ba Ciclos<\/strong><\/span><\/p>\n<p style=\"text-align: center;\"><strong>Leila Bouheraoua<\/strong>, 5\u00e8me<br \/>\nColl\u00e8ge Pierre et Marie Curie, Le Pecq (78)<\/p>\n<p style=\"text-align: center;\"><iframe loading=\"lazy\" src=\"\/\/www.youtube.com\/embed\/6dUz9pLitQs\" width=\"560\" height=\"314\" allowfullscreen=\"allowfullscreen\"><\/iframe><\/p>\n<p style=\"text-align: center;\"><span style=\"color: #ab130f;\"><strong>2\u00ba Pr\u00e9mio &#8211; Secund\u00e1rio<\/strong><\/span><\/p>\n<p style=\"text-align: center;\"><strong><b>Tha\u00efs<\/b> Cousin<\/strong>, 1\u00e8re<br \/>\nLyc\u00e9e International de Saint-Germain-en-Laye (78)<\/p>\n<p style=\"text-align: center;\"><iframe loading=\"lazy\" src=\"\/\/www.youtube.com\/embed\/GXR_oxszPUk\" width=\"560\" height=\"314\" allowfullscreen=\"allowfullscreen\"><\/iframe><\/p>\n<p style=\"text-align: center;\">\n","protected":false},"excerpt":{"rendered":"<p>2\u00ba Pr\u00e9mio &#8211; Ensino prim\u00e1rio Elias Loiseau, CM2 E.P. Pasteur, Luynes (37) 2\u00ba Pr\u00e9mio &#8211; 2\u00ba\/3\u00ba Ciclos Leila Bouheraoua, 5\u00e8me Coll\u00e8ge Pierre et Marie Curie, Le Pecq (78) 2\u00ba Pr\u00e9mio &#8211; Secund\u00e1rio Tha\u00efs Cousin, 1\u00e8re Lyc\u00e9e International de Saint-Germain-en-Laye (78)<\/p>\n","protected":false},"author":4,"featured_media":4761,"comment_status":"closed","ping_status":"closed","sticky":false,"template":"","format":"standard","meta":{"_acf_changed":false,"footnotes":""},"categories":[29],"tags":[],"class_list":["post-4686","post","type-post","status-publish","format-standard","has-post-thumbnail","hentry","category-dia-mundial-da-lingua-portuguesa"],"acf":[],"_links":{"self":[{"href":"https:\/\/www.epefrance.org\/fr\/wp-json\/wp\/v2\/posts\/4686","targetHints":{"allow":["GET"]}}],"collection":[{"href":"https:\/\/www.epefrance.org\/fr\/wp-json\/wp\/v2\/posts"}],"about":[{"href":"https:\/\/www.epefrance.org\/fr\/wp-json\/wp\/v2\/types\/post"}],"author":[{"embeddable":true,"href":"https:\/\/www.epefrance.org\/fr\/wp-json\/wp\/v2\/users\/4"}],"replies":[{"embeddable":true,"href":"https:\/\/www.epefrance.org\/fr\/wp-json\/wp\/v2\/comments?post=4686"}],"version-history":[{"count":10,"href":"https:\/\/www.epefrance.org\/fr\/wp-json\/wp\/v2\/posts\/4686\/revisions"}],"predecessor-version":[{"id":4751,"href":"https:\/\/www.epefrance.org\/fr\/wp-json\/wp\/v2\/posts\/4686\/revisions\/4751"}],"wp:featuredmedia":[{"embeddable":true,"href":"https:\/\/www.epefrance.org\/fr\/wp-json\/wp\/v2\/media\/4761"}],"wp:attachment":[{"href":"https:\/\/www.epefrance.org\/fr\/wp-json\/wp\/v2\/media?parent=4686"}],"wp:term":[{"taxonomy":"category","embeddable":true,"href":"https:\/\/www.epefrance.org\/fr\/wp-json\/wp\/v2\/categories?post=4686"},{"taxonomy":"post_tag","embeddable":true,"href":"https:\/\/www.epefrance.org\/fr\/wp-json\/wp\/v2\/tags?post=4686"}],"curies":[{"name":"wp","href":"https:\/\/api.w.org\/{rel}","templated":true}]}}