{"id":4714,"date":"2021-05-05T13:10:11","date_gmt":"2021-05-05T12:10:11","guid":{"rendered":"http:\/\/www.epefrance.org\/?p=4714"},"modified":"2021-05-05T18:32:52","modified_gmt":"2021-05-05T17:32:52","slug":"poemas-que-falam-da-lingua-5-de-maio-dia-mundial-da-lingua-portuguesa-4","status":"publish","type":"post","link":"https:\/\/www.epefrance.org\/fr\/dia-mundial-da-lingua-portuguesa\/poemas-que-falam-da-lingua-5-de-maio-dia-mundial-da-lingua-portuguesa-4\/","title":{"rendered":"Poemas que falam da L\u00edngua &#8211; 5 de maio &#8211; Dia Mundial da L\u00edngua Portuguesa"},"content":{"rendered":"<p><strong><span style=\"color: #ab1300;\">Men\u00e7\u00f5es honrosas para o 2 e 3 ciclos:<\/span><\/strong><\/p>\n<p style=\"text-align: center;\"><strong>Clara Grimaldi, 6\u00e8me<\/strong><br \/>\nColl\u00e8ge Pierre et Marie Curie, Le Pecq (78)<\/p>\n<p style=\"text-align: center;\"><iframe loading=\"lazy\" src=\"\/\/www.youtube.com\/embed\/vA0Y580xowI\" width=\"560\" height=\"314\" allowfullscreen=\"allowfullscreen\"><\/iframe><\/p>\n<p>&nbsp;<\/p>\n<p style=\"text-align: center;\"><strong>Fabio Duraes Barbosa<\/strong>, 6\u00e8me<br \/>\nColl\u00e8ge International Joseph Vernie, Nice (06)<\/p>\n<p style=\"text-align: center;\"><iframe loading=\"lazy\" src=\"\/\/www.youtube.com\/embed\/qZDwycP_7r8\" width=\"560\" height=\"314\" allowfullscreen=\"allowfullscreen\"><\/iframe><\/p>\n<p>&nbsp;<\/p>\n<p style=\"text-align: center;\"><strong>Laura da Silva<\/strong>, 5\u00e8me<br \/>\nColl\u00e8ge Pierre et Marie Curie, Le Pecq (78)<\/p>\n<p style=\"text-align: center;\"><iframe loading=\"lazy\" src=\"\/\/www.youtube.com\/embed\/QPa627JQseI\" width=\"560\" height=\"314\" allowfullscreen=\"allowfullscreen\"><\/iframe><\/p>\n<p>&nbsp;<\/p>\n","protected":false},"excerpt":{"rendered":"<p>Men\u00e7\u00f5es honrosas para o 2 e 3 ciclos: Clara Grimaldi, 6\u00e8me Coll\u00e8ge Pierre et Marie Curie, Le Pecq (78) &nbsp; Fabio Duraes Barbosa, 6\u00e8me Coll\u00e8ge International Joseph Vernie, Nice (06) &nbsp; Laura da Silva, 5\u00e8me Coll\u00e8ge Pierre et Marie Curie, Le Pecq (78) &nbsp;<\/p>\n","protected":false},"author":4,"featured_media":4764,"comment_status":"closed","ping_status":"closed","sticky":false,"template":"","format":"standard","meta":{"_acf_changed":false,"footnotes":""},"categories":[29],"tags":[],"class_list":["post-4714","post","type-post","status-publish","format-standard","has-post-thumbnail","hentry","category-dia-mundial-da-lingua-portuguesa"],"acf":[],"_links":{"self":[{"href":"https:\/\/www.epefrance.org\/fr\/wp-json\/wp\/v2\/posts\/4714","targetHints":{"allow":["GET"]}}],"collection":[{"href":"https:\/\/www.epefrance.org\/fr\/wp-json\/wp\/v2\/posts"}],"about":[{"href":"https:\/\/www.epefrance.org\/fr\/wp-json\/wp\/v2\/types\/post"}],"author":[{"embeddable":true,"href":"https:\/\/www.epefrance.org\/fr\/wp-json\/wp\/v2\/users\/4"}],"replies":[{"embeddable":true,"href":"https:\/\/www.epefrance.org\/fr\/wp-json\/wp\/v2\/comments?post=4714"}],"version-history":[{"count":13,"href":"https:\/\/www.epefrance.org\/fr\/wp-json\/wp\/v2\/posts\/4714\/revisions"}],"predecessor-version":[{"id":4752,"href":"https:\/\/www.epefrance.org\/fr\/wp-json\/wp\/v2\/posts\/4714\/revisions\/4752"}],"wp:featuredmedia":[{"embeddable":true,"href":"https:\/\/www.epefrance.org\/fr\/wp-json\/wp\/v2\/media\/4764"}],"wp:attachment":[{"href":"https:\/\/www.epefrance.org\/fr\/wp-json\/wp\/v2\/media?parent=4714"}],"wp:term":[{"taxonomy":"category","embeddable":true,"href":"https:\/\/www.epefrance.org\/fr\/wp-json\/wp\/v2\/categories?post=4714"},{"taxonomy":"post_tag","embeddable":true,"href":"https:\/\/www.epefrance.org\/fr\/wp-json\/wp\/v2\/tags?post=4714"}],"curies":[{"name":"wp","href":"https:\/\/api.w.org\/{rel}","templated":true}]}}