{"id":4727,"date":"2021-05-05T12:30:02","date_gmt":"2021-05-05T11:30:02","guid":{"rendered":"http:\/\/www.epefrance.org\/?p=4727"},"modified":"2021-05-05T18:32:21","modified_gmt":"2021-05-05T17:32:21","slug":"poemas-que-falam-da-lingua-5-de-maio-dia-mundial-da-lingua-portuguesa-5","status":"publish","type":"post","link":"https:\/\/www.epefrance.org\/fr\/dia-mundial-da-lingua-portuguesa\/poemas-que-falam-da-lingua-5-de-maio-dia-mundial-da-lingua-portuguesa-5\/","title":{"rendered":"Poemas que falam da L\u00edngua &#8211; 5 de maio &#8211; Dia Mundial da L\u00edngua Portuguesa"},"content":{"rendered":"<p><strong><span style=\"color: #ab1300;\">Men\u00e7\u00f5es honrosas para o ensino prim\u00e1rio:<\/span><\/strong><\/p>\n<p style=\"text-align: center;\"><strong>Angele Agier Messias<\/strong>, CM2<br \/>\nCit\u00e9 Scolaire Internationale de Lyon (69)<\/p>\n<p style=\"text-align: center;\"><iframe loading=\"lazy\" src=\"\/\/www.youtube.com\/embed\/lm4jzO5Y4c0\" width=\"560\" height=\"314\" allowfullscreen=\"allowfullscreen\"><\/iframe><\/p>\n<p style=\"text-align: center;\"><strong>Iris Pereira<\/strong>, CM1<br \/>\nE.P. Victor Hugo, Saint-Gilles (30)<\/p>\n<p style=\"text-align: center;\"><iframe loading=\"lazy\" src=\"\/\/www.youtube.com\/embed\/nCYybssmLLs\" width=\"560\" height=\"314\" allowfullscreen=\"allowfullscreen\"><\/iframe><\/p>\n<p style=\"text-align: center;\"><strong>Tiago dos Santos<\/strong>, CM2<br \/>\nCit\u00e9 Scolaire Internationale de Lyon (69)<\/p>\n<p style=\"text-align: center;\"><iframe loading=\"lazy\" src=\"\/\/www.youtube.com\/embed\/5OvsOLLLF3A\" width=\"560\" height=\"314\" allowfullscreen=\"allowfullscreen\"><\/iframe><\/p>\n<p>&nbsp;<\/p>\n","protected":false},"excerpt":{"rendered":"<p>Men\u00e7\u00f5es honrosas para o ensino prim\u00e1rio: Angele Agier Messias, CM2 Cit\u00e9 Scolaire Internationale de Lyon (69) Iris Pereira, CM1 E.P. Victor Hugo, Saint-Gilles (30) Tiago dos Santos, CM2 Cit\u00e9 Scolaire Internationale de Lyon (69) &nbsp;<\/p>\n","protected":false},"author":4,"featured_media":4763,"comment_status":"closed","ping_status":"closed","sticky":false,"template":"","format":"standard","meta":{"_acf_changed":false,"footnotes":""},"categories":[29],"tags":[],"class_list":["post-4727","post","type-post","status-publish","format-standard","has-post-thumbnail","hentry","category-dia-mundial-da-lingua-portuguesa"],"acf":[],"_links":{"self":[{"href":"https:\/\/www.epefrance.org\/fr\/wp-json\/wp\/v2\/posts\/4727","targetHints":{"allow":["GET"]}}],"collection":[{"href":"https:\/\/www.epefrance.org\/fr\/wp-json\/wp\/v2\/posts"}],"about":[{"href":"https:\/\/www.epefrance.org\/fr\/wp-json\/wp\/v2\/types\/post"}],"author":[{"embeddable":true,"href":"https:\/\/www.epefrance.org\/fr\/wp-json\/wp\/v2\/users\/4"}],"replies":[{"embeddable":true,"href":"https:\/\/www.epefrance.org\/fr\/wp-json\/wp\/v2\/comments?post=4727"}],"version-history":[{"count":8,"href":"https:\/\/www.epefrance.org\/fr\/wp-json\/wp\/v2\/posts\/4727\/revisions"}],"predecessor-version":[{"id":4740,"href":"https:\/\/www.epefrance.org\/fr\/wp-json\/wp\/v2\/posts\/4727\/revisions\/4740"}],"wp:featuredmedia":[{"embeddable":true,"href":"https:\/\/www.epefrance.org\/fr\/wp-json\/wp\/v2\/media\/4763"}],"wp:attachment":[{"href":"https:\/\/www.epefrance.org\/fr\/wp-json\/wp\/v2\/media?parent=4727"}],"wp:term":[{"taxonomy":"category","embeddable":true,"href":"https:\/\/www.epefrance.org\/fr\/wp-json\/wp\/v2\/categories?post=4727"},{"taxonomy":"post_tag","embeddable":true,"href":"https:\/\/www.epefrance.org\/fr\/wp-json\/wp\/v2\/tags?post=4727"}],"curies":[{"name":"wp","href":"https:\/\/api.w.org\/{rel}","templated":true}]}}