{"id":4743,"date":"2021-05-05T13:30:48","date_gmt":"2021-05-05T12:30:48","guid":{"rendered":"http:\/\/www.epefrance.org\/?p=4743"},"modified":"2021-05-05T18:33:15","modified_gmt":"2021-05-05T17:33:15","slug":"poemas-que-falam-da-lingua-5-de-maio-dia-mundial-da-lingua-portuguesa-6","status":"publish","type":"post","link":"https:\/\/www.epefrance.org\/fr\/dia-mundial-da-lingua-portuguesa\/poemas-que-falam-da-lingua-5-de-maio-dia-mundial-da-lingua-portuguesa-6\/","title":{"rendered":"Poemas que falam da L\u00edngua &#8211; 5 de maio &#8211; Dia Mundial da L\u00edngua Portuguesa"},"content":{"rendered":"<p><strong><span style=\"color: #ab1300;\">Men\u00e7\u00f5es honrosas para o ensino secund\u00e1rio:<\/span><\/strong><\/p>\n<p style=\"text-align: center;\"><strong>Ana Carolina Fran\u00e7a Marques<\/strong>, 2nde<br \/>\nLyc\u00e9e Alexandre Dumas, Saint-Cloud (92)<\/p>\n<p style=\"text-align: center;\"><iframe loading=\"lazy\" src=\"\/\/www.youtube.com\/embed\/ZuMVRG-3yFA\" width=\"560\" height=\"314\" allowfullscreen=\"allowfullscreen\"><\/iframe><\/p>\n<p style=\"text-align: center;\"><strong>Elena Chevrier Da Costa<\/strong>, 1\u00e8re<br \/>\nLyc\u00e9e International de Saint-Germain-en-Laye (78)<\/p>\n<p style=\"text-align: center;\"><iframe loading=\"lazy\" src=\"\/\/www.youtube.com\/embed\/Su68BZRE1_g\" width=\"560\" height=\"314\" allowfullscreen=\"allowfullscreen\"><\/iframe><\/p>\n<p style=\"text-align: center;\"><strong>Hortense Martins Rodrigues<\/strong>, Terminale<br \/>\nLyc\u00e9e-Coll\u00e8ge Honor\u00e9 de Balzac, Paris (75)<\/p>\n<p style=\"text-align: center;\"><iframe loading=\"lazy\" src=\"\/\/www.youtube.com\/embed\/rZgo5icHc3w\" width=\"560\" height=\"314\" allowfullscreen=\"allowfullscreen\"><\/iframe><\/p>\n<p style=\"text-align: center;\"><strong>Hugo da Silva<\/strong>, Terminale<br \/>\nLyc\u00e9e Alexandre Dumas, Saint-Cloud (92)<\/p>\n<p style=\"text-align: center;\"><iframe loading=\"lazy\" src=\"\/\/www.youtube.com\/embed\/IV-vKtFF3IE\" width=\"560\" height=\"314\" allowfullscreen=\"allowfullscreen\"><\/iframe><\/p>\n","protected":false},"excerpt":{"rendered":"<p>Men\u00e7\u00f5es honrosas para o ensino secund\u00e1rio: Ana Carolina Fran\u00e7a Marques, 2nde Lyc\u00e9e Alexandre Dumas, Saint-Cloud (92) Elena Chevrier Da Costa, 1\u00e8re Lyc\u00e9e International de Saint-Germain-en-Laye (78) Hortense Martins Rodrigues, Terminale Lyc\u00e9e-Coll\u00e8ge Honor\u00e9 de Balzac, Paris (75) Hugo da Silva, Terminale Lyc\u00e9e Alexandre Dumas, Saint-Cloud (92)<\/p>\n","protected":false},"author":4,"featured_media":4765,"comment_status":"closed","ping_status":"closed","sticky":false,"template":"","format":"standard","meta":{"_acf_changed":false,"footnotes":""},"categories":[29],"tags":[],"class_list":["post-4743","post","type-post","status-publish","format-standard","has-post-thumbnail","hentry","category-dia-mundial-da-lingua-portuguesa"],"acf":[],"_links":{"self":[{"href":"https:\/\/www.epefrance.org\/fr\/wp-json\/wp\/v2\/posts\/4743","targetHints":{"allow":["GET"]}}],"collection":[{"href":"https:\/\/www.epefrance.org\/fr\/wp-json\/wp\/v2\/posts"}],"about":[{"href":"https:\/\/www.epefrance.org\/fr\/wp-json\/wp\/v2\/types\/post"}],"author":[{"embeddable":true,"href":"https:\/\/www.epefrance.org\/fr\/wp-json\/wp\/v2\/users\/4"}],"replies":[{"embeddable":true,"href":"https:\/\/www.epefrance.org\/fr\/wp-json\/wp\/v2\/comments?post=4743"}],"version-history":[{"count":5,"href":"https:\/\/www.epefrance.org\/fr\/wp-json\/wp\/v2\/posts\/4743\/revisions"}],"predecessor-version":[{"id":4749,"href":"https:\/\/www.epefrance.org\/fr\/wp-json\/wp\/v2\/posts\/4743\/revisions\/4749"}],"wp:featuredmedia":[{"embeddable":true,"href":"https:\/\/www.epefrance.org\/fr\/wp-json\/wp\/v2\/media\/4765"}],"wp:attachment":[{"href":"https:\/\/www.epefrance.org\/fr\/wp-json\/wp\/v2\/media?parent=4743"}],"wp:term":[{"taxonomy":"category","embeddable":true,"href":"https:\/\/www.epefrance.org\/fr\/wp-json\/wp\/v2\/categories?post=4743"},{"taxonomy":"post_tag","embeddable":true,"href":"https:\/\/www.epefrance.org\/fr\/wp-json\/wp\/v2\/tags?post=4743"}],"curies":[{"name":"wp","href":"https:\/\/api.w.org\/{rel}","templated":true}]}}