{"id":4834,"date":"2021-06-07T19:56:55","date_gmt":"2021-06-07T18:56:55","guid":{"rendered":"http:\/\/www.epefrance.org\/?p=4834"},"modified":"2021-06-08T10:00:59","modified_gmt":"2021-06-08T09:00:59","slug":"lista-definitiva-de-candidatos-admitidos-e-admitidos-parcialmente-e-lista-definitiva-de-candidatos-excluidos-professor-2021","status":"publish","type":"post","link":"https:\/\/www.epefrance.org\/fr\/procedimentos-concursais-epe-geral\/lista-definitiva-de-candidatos-admitidos-e-admitidos-parcialmente-e-lista-definitiva-de-candidatos-excluidos-professor-2021\/","title":{"rendered":"Lista definitiva de candidatos admitidos e admitidos parcialmente e lista definitiva de candidatos exclu\u00eddos \u2013 Professor 2021"},"content":{"rendered":"<p>Informa-se que as Listas definitivas de Candidatos Admitidos, Admitidos parcialmente e Exclu\u00eddos do procedimento concursal 2021 para constitui\u00e7\u00e3o da reserva de recrutamento de pessoal docente para o cargo de professor, compreendendo os n\u00edveis da educa\u00e7\u00e3o pr\u00e9-escolar, do ensino b\u00e1sico (1.\u00ba, 2.\u00ba e 3.\u00ba ciclos) e do ensino secund\u00e1rio, bem como lista de locais para realiza\u00e7\u00e3o da prova de conhecimentos Professor 2021, e respetivas instru\u00e7\u00f5es, se encontram divulgadas na p\u00e1gina do Cam\u00f5es, I.P.<\/p>\n<p><a href=\"https:\/\/www.instituto-camoes.pt\/activity\/o-que-fazemos\/ensinar-portugues\/processos-de-recrutamento\/procedimentos-concursais-epe\/procedimento-concursal-epe-2021-professor?fbclid=IwAR39lXMISvdNLkFzhoKNyFyJe8ImfahyLxg3zvBS7m-QbtbtciQ7ZmwmM54\" target=\"_blank\" rel=\"noopener\">https:\/\/www.instituto-camoes.pt\/activity\/o-que-fazemos\/ensinar-portugues\/processos-de-recrutamento\/procedimentos-concursais-epe\/procedimento-concursal-epe-2021-professor?fbclid=IwAR39lXMISvdNLkFzhoKNyFyJe8ImfahyLxg3zvBS7m-QbtbtciQ7ZmwmM54<\/a><\/p>\n","protected":false},"excerpt":{"rendered":"<p>Informa-se que as Listas definitivas de Candidatos Admitidos, Admitidos parcialmente e Exclu\u00eddos do procedimento concursal 2021 para constitui\u00e7\u00e3o da reserva de recrutamento de pessoal docente para o cargo de professor, compreendendo os n\u00edveis da educa\u00e7\u00e3o pr\u00e9-escolar, do ensino b\u00e1sico (1.\u00ba, 2.\u00ba e 3.\u00ba ciclos) e do ensino secund\u00e1rio, bem como lista de locais para realiza\u00e7\u00e3o [&hellip;]<\/p>\n","protected":false},"author":4,"featured_media":3756,"comment_status":"closed","ping_status":"closed","sticky":false,"template":"","format":"standard","meta":{"_acf_changed":false,"footnotes":""},"categories":[25],"tags":[],"class_list":["post-4834","post","type-post","status-publish","format-standard","has-post-thumbnail","hentry","category-procedimentos-concursais-epe-geral"],"acf":[],"_links":{"self":[{"href":"https:\/\/www.epefrance.org\/fr\/wp-json\/wp\/v2\/posts\/4834","targetHints":{"allow":["GET"]}}],"collection":[{"href":"https:\/\/www.epefrance.org\/fr\/wp-json\/wp\/v2\/posts"}],"about":[{"href":"https:\/\/www.epefrance.org\/fr\/wp-json\/wp\/v2\/types\/post"}],"author":[{"embeddable":true,"href":"https:\/\/www.epefrance.org\/fr\/wp-json\/wp\/v2\/users\/4"}],"replies":[{"embeddable":true,"href":"https:\/\/www.epefrance.org\/fr\/wp-json\/wp\/v2\/comments?post=4834"}],"version-history":[{"count":1,"href":"https:\/\/www.epefrance.org\/fr\/wp-json\/wp\/v2\/posts\/4834\/revisions"}],"predecessor-version":[{"id":4835,"href":"https:\/\/www.epefrance.org\/fr\/wp-json\/wp\/v2\/posts\/4834\/revisions\/4835"}],"wp:featuredmedia":[{"embeddable":true,"href":"https:\/\/www.epefrance.org\/fr\/wp-json\/wp\/v2\/media\/3756"}],"wp:attachment":[{"href":"https:\/\/www.epefrance.org\/fr\/wp-json\/wp\/v2\/media?parent=4834"}],"wp:term":[{"taxonomy":"category","embeddable":true,"href":"https:\/\/www.epefrance.org\/fr\/wp-json\/wp\/v2\/categories?post=4834"},{"taxonomy":"post_tag","embeddable":true,"href":"https:\/\/www.epefrance.org\/fr\/wp-json\/wp\/v2\/tags?post=4834"}],"curies":[{"name":"wp","href":"https:\/\/api.w.org\/{rel}","templated":true}]}}