{"id":4916,"date":"2021-07-02T13:46:40","date_gmt":"2021-07-02T12:46:40","guid":{"rendered":"http:\/\/www.epefrance.org\/?p=4916"},"modified":"2021-07-02T13:47:09","modified_gmt":"2021-07-02T12:47:09","slug":"contos-do-dia-mundial-da-lingua-portuguesa-publicacao-digital","status":"publish","type":"post","link":"https:\/\/www.epefrance.org\/fr\/dia-mundial-da-lingua-portuguesa\/contos-do-dia-mundial-da-lingua-portuguesa-publicacao-digital\/","title":{"rendered":"Contos do Dia Mundial da L\u00edngua Portuguesa: publica\u00e7\u00e3o digital"},"content":{"rendered":"<p><span style=\"color: #000000;\">Na sequ\u00eancia do Concurso liter\u00e1rio <i>Contos do Dia Mundial da L\u00edngua Portugues<\/i>a, uma das atividades de comemora\u00e7\u00e3o do <i>Dia\u00a0Mundial\u00a0da\u00a0L\u00edngua\u00a0Portuguesa<\/i>, em 2021, desenvolvida pela Porto Editora, pelo Cam\u00f5es, I.P., e pelo Plano Nacional de Leitura, foi elaborada uma publica\u00e7\u00e3o digital dos contos vencedores e das men\u00e7\u00f5es honrosas, que aqui partilhamos.<\/span><\/p>\n<p style=\"text-align: center;\"><span style=\"color: #000000;\"><a style=\"color: #000000;\" href=\"https:\/\/www.portoeditora.pt\/responsive\/landing-pages\/epe\/imagens\/Publicacao-digital-ContosDMLP2021.pdf\" target=\"_blank\" rel=\"noopener\"><img loading=\"lazy\" decoding=\"async\" class=\"alignnone\" src=\"https:\/\/www.portoeditora.pt\/responsive\/landing-pages\/epe\/imagens\/destaque15.png\" alt=\"Contos\" width=\"802\" height=\"350\" \/><\/a><\/span><\/p>\n","protected":false},"excerpt":{"rendered":"<p>Na sequ\u00eancia do Concurso liter\u00e1rio Contos do Dia Mundial da L\u00edngua Portuguesa, uma das atividades de comemora\u00e7\u00e3o do Dia\u00a0Mundial\u00a0da\u00a0L\u00edngua\u00a0Portuguesa, em 2021, desenvolvida pela Porto Editora, pelo Cam\u00f5es, I.P., e pelo Plano Nacional de Leitura, foi elaborada uma publica\u00e7\u00e3o digital dos contos vencedores e das men\u00e7\u00f5es honrosas, que aqui partilhamos.<\/p>\n","protected":false},"author":4,"featured_media":4756,"comment_status":"closed","ping_status":"closed","sticky":false,"template":"","format":"standard","meta":{"_acf_changed":false,"footnotes":""},"categories":[29],"tags":[],"class_list":["post-4916","post","type-post","status-publish","format-standard","has-post-thumbnail","hentry","category-dia-mundial-da-lingua-portuguesa"],"acf":[],"_links":{"self":[{"href":"https:\/\/www.epefrance.org\/fr\/wp-json\/wp\/v2\/posts\/4916","targetHints":{"allow":["GET"]}}],"collection":[{"href":"https:\/\/www.epefrance.org\/fr\/wp-json\/wp\/v2\/posts"}],"about":[{"href":"https:\/\/www.epefrance.org\/fr\/wp-json\/wp\/v2\/types\/post"}],"author":[{"embeddable":true,"href":"https:\/\/www.epefrance.org\/fr\/wp-json\/wp\/v2\/users\/4"}],"replies":[{"embeddable":true,"href":"https:\/\/www.epefrance.org\/fr\/wp-json\/wp\/v2\/comments?post=4916"}],"version-history":[{"count":2,"href":"https:\/\/www.epefrance.org\/fr\/wp-json\/wp\/v2\/posts\/4916\/revisions"}],"predecessor-version":[{"id":4919,"href":"https:\/\/www.epefrance.org\/fr\/wp-json\/wp\/v2\/posts\/4916\/revisions\/4919"}],"wp:featuredmedia":[{"embeddable":true,"href":"https:\/\/www.epefrance.org\/fr\/wp-json\/wp\/v2\/media\/4756"}],"wp:attachment":[{"href":"https:\/\/www.epefrance.org\/fr\/wp-json\/wp\/v2\/media?parent=4916"}],"wp:term":[{"taxonomy":"category","embeddable":true,"href":"https:\/\/www.epefrance.org\/fr\/wp-json\/wp\/v2\/categories?post=4916"},{"taxonomy":"post_tag","embeddable":true,"href":"https:\/\/www.epefrance.org\/fr\/wp-json\/wp\/v2\/tags?post=4916"}],"curies":[{"name":"wp","href":"https:\/\/api.w.org\/{rel}","templated":true}]}}