{"id":5042,"date":"2021-09-21T17:42:29","date_gmt":"2021-09-21T16:42:29","guid":{"rendered":"https:\/\/www.epefrance.org\/?p=5042"},"modified":"2021-09-21T17:49:17","modified_gmt":"2021-09-21T16:49:17","slug":"cursos-a-distancia-do-centro-virtual-camoes-para-o-1-o-semestre-2021-22","status":"publish","type":"post","link":"https:\/\/www.epefrance.org\/fr\/informacao\/cursos-a-distancia-do-centro-virtual-camoes-para-o-1-o-semestre-2021-22\/","title":{"rendered":"Cursos a dist\u00e2ncia do Centro Virtual Cam\u00f5es para o 1.\u00ba semestre 2021\/22"},"content":{"rendered":"<div class=\"kvgmc6g5 cxmmr5t8 oygrvhab hcukyx3x c1et5uql ii04i59q\">\n<div dir=\"auto\">Encontra-se a decorrer, at\u00e9 8 de outubro de 2021, o per\u00edodo de candidaturas aos cursos a dist\u00e2ncia do Centro Virtual Cam\u00f5es, para o 1.\u00ba semestre 2021\/22.<\/div>\n<\/div>\n<div class=\"o9v6fnle cxmmr5t8 oygrvhab hcukyx3x c1et5uql ii04i59q\">\n<div dir=\"auto\">Para mais informa\u00e7\u00f5es e candidatura, pode consultar a informa\u00e7\u00e3o dispon\u00edvel em <a class=\"oajrlxb2 g5ia77u1 qu0x051f esr5mh6w e9989ue4 r7d6kgcz rq0escxv nhd2j8a9 nc684nl6 p7hjln8o kvgmc6g5 cxmmr5t8 oygrvhab hcukyx3x jb3vyjys rz4wbd8a qt6c0cv9 a8nywdso i1ao9s8h esuyzwwr f1sip0of lzcic4wl py34i1dx gpro0wi8\" tabindex=\"0\" role=\"link\" href=\"https:\/\/www.instituto-camoes.pt\/activity\/servicos-online\/ensino-a-distancia?fbclid=IwAR2FW80EI0-pYNmhSgCVLmms1xQNSP7a62XOi8SzSc-J6mYRcPNSkpdQou4\" target=\"_blank\" rel=\"nofollow noopener\">https:\/\/www.instituto-camoes.pt\/&#8230;\/ensino-a-distancia<\/a><\/div>\n<\/div>\n","protected":false},"excerpt":{"rendered":"<p>Encontra-se a decorrer, at\u00e9 8 de outubro de 2021, o per\u00edodo de candidaturas aos cursos a dist\u00e2ncia do Centro Virtual Cam\u00f5es, para o 1.\u00ba semestre 2021\/22. Para mais informa\u00e7\u00f5es e candidatura, pode consultar a informa\u00e7\u00e3o dispon\u00edvel em https:\/\/www.instituto-camoes.pt\/&#8230;\/ensino-a-distancia<\/p>\n","protected":false},"author":4,"featured_media":3910,"comment_status":"closed","ping_status":"closed","sticky":false,"template":"","format":"standard","meta":{"_acf_changed":false,"footnotes":""},"categories":[30],"tags":[],"class_list":["post-5042","post","type-post","status-publish","format-standard","has-post-thumbnail","hentry","category-informacao"],"acf":[],"_links":{"self":[{"href":"https:\/\/www.epefrance.org\/fr\/wp-json\/wp\/v2\/posts\/5042","targetHints":{"allow":["GET"]}}],"collection":[{"href":"https:\/\/www.epefrance.org\/fr\/wp-json\/wp\/v2\/posts"}],"about":[{"href":"https:\/\/www.epefrance.org\/fr\/wp-json\/wp\/v2\/types\/post"}],"author":[{"embeddable":true,"href":"https:\/\/www.epefrance.org\/fr\/wp-json\/wp\/v2\/users\/4"}],"replies":[{"embeddable":true,"href":"https:\/\/www.epefrance.org\/fr\/wp-json\/wp\/v2\/comments?post=5042"}],"version-history":[{"count":3,"href":"https:\/\/www.epefrance.org\/fr\/wp-json\/wp\/v2\/posts\/5042\/revisions"}],"predecessor-version":[{"id":5051,"href":"https:\/\/www.epefrance.org\/fr\/wp-json\/wp\/v2\/posts\/5042\/revisions\/5051"}],"wp:featuredmedia":[{"embeddable":true,"href":"https:\/\/www.epefrance.org\/fr\/wp-json\/wp\/v2\/media\/3910"}],"wp:attachment":[{"href":"https:\/\/www.epefrance.org\/fr\/wp-json\/wp\/v2\/media?parent=5042"}],"wp:term":[{"taxonomy":"category","embeddable":true,"href":"https:\/\/www.epefrance.org\/fr\/wp-json\/wp\/v2\/categories?post=5042"},{"taxonomy":"post_tag","embeddable":true,"href":"https:\/\/www.epefrance.org\/fr\/wp-json\/wp\/v2\/tags?post=5042"}],"curies":[{"name":"wp","href":"https:\/\/api.w.org\/{rel}","templated":true}]}}