{"id":5090,"date":"2021-09-24T16:24:19","date_gmt":"2021-09-24T15:24:19","guid":{"rendered":"https:\/\/www.epefrance.org\/?p=5090"},"modified":"2021-09-24T16:24:19","modified_gmt":"2021-09-24T15:24:19","slug":"camoes-i-p-e-sorbonne-criam-catedra-paul-teyssier-2","status":"publish","type":"post","link":"https:\/\/www.epefrance.org\/fr\/noticia\/camoes-i-p-e-sorbonne-criam-catedra-paul-teyssier-2\/","title":{"rendered":"Cam\u00f5es, I.P. e Sorbonne criam C\u00e1tedra Paul Teyssier"},"content":{"rendered":"<p>O Cam\u00f5es \u2013 Instituto da Coopera\u00e7\u00e3o e da L\u00edngua, I.P. e a Sorbonne Universit\u00e9 assinaram no dia 22 de setembro de 2021 um Protocolo de Coopera\u00e7\u00e3o pelo qual se estabelece a cria\u00e7\u00e3o, naquela importante institui\u00e7\u00e3o de ensino superior francesa, da C\u00e1tedra Paul Teyssier, assim homenageando este importante linguista, lusitanista e tradutor franc\u00eas.<\/p>\n<div>\n<p>A cerim\u00f3nia de assinatura decorreu nos sal\u00f5es d<span lang=\"PT\">a<\/span> Embaixada <span lang=\"PT\">de Portugal em Paris <\/span>na presen\u00e7a do Presidente do Cam\u00f5es I.P., Jo\u00e3o Ribeiro de Almeida, e do Reitor da Faculdade de Letras da Sorbonne, Alain Tallon, assim como do Embaixador de Portugal em Paris, da Coordenadora de Ensino de Portugu\u00eas em Fran\u00e7a, do Diretor do Departamento de Estudos Ib\u00e9ricos e Latino-Americanos da Sorbonne Universit\u00e9, do Diretor de Servi\u00e7os da L\u00edngua do Cam\u00f5es I.P. e dos Leitores do Cam\u00f5es I.P. em Fran\u00e7a.<\/p>\n<\/div>\n","protected":false},"excerpt":{"rendered":"<p>O Cam\u00f5es \u2013 Instituto da Coopera\u00e7\u00e3o e da L\u00edngua, I.P. e a Sorbonne Universit\u00e9 assinaram no dia 22 de setembro de 2021 um Protocolo de Coopera\u00e7\u00e3o pelo qual se estabelece a cria\u00e7\u00e3o, naquela importante institui\u00e7\u00e3o de ensino superior francesa, da C\u00e1tedra Paul Teyssier, assim homenageando este importante linguista, lusitanista e tradutor franc\u00eas. A cerim\u00f3nia de [&hellip;]<\/p>\n","protected":false},"author":4,"featured_media":5091,"comment_status":"closed","ping_status":"closed","sticky":false,"template":"","format":"standard","meta":{"_acf_changed":false,"footnotes":""},"categories":[39],"tags":[],"class_list":["post-5090","post","type-post","status-publish","format-standard","has-post-thumbnail","hentry","category-noticia"],"acf":[],"_links":{"self":[{"href":"https:\/\/www.epefrance.org\/fr\/wp-json\/wp\/v2\/posts\/5090","targetHints":{"allow":["GET"]}}],"collection":[{"href":"https:\/\/www.epefrance.org\/fr\/wp-json\/wp\/v2\/posts"}],"about":[{"href":"https:\/\/www.epefrance.org\/fr\/wp-json\/wp\/v2\/types\/post"}],"author":[{"embeddable":true,"href":"https:\/\/www.epefrance.org\/fr\/wp-json\/wp\/v2\/users\/4"}],"replies":[{"embeddable":true,"href":"https:\/\/www.epefrance.org\/fr\/wp-json\/wp\/v2\/comments?post=5090"}],"version-history":[{"count":2,"href":"https:\/\/www.epefrance.org\/fr\/wp-json\/wp\/v2\/posts\/5090\/revisions"}],"predecessor-version":[{"id":5093,"href":"https:\/\/www.epefrance.org\/fr\/wp-json\/wp\/v2\/posts\/5090\/revisions\/5093"}],"wp:featuredmedia":[{"embeddable":true,"href":"https:\/\/www.epefrance.org\/fr\/wp-json\/wp\/v2\/media\/5091"}],"wp:attachment":[{"href":"https:\/\/www.epefrance.org\/fr\/wp-json\/wp\/v2\/media?parent=5090"}],"wp:term":[{"taxonomy":"category","embeddable":true,"href":"https:\/\/www.epefrance.org\/fr\/wp-json\/wp\/v2\/categories?post=5090"},{"taxonomy":"post_tag","embeddable":true,"href":"https:\/\/www.epefrance.org\/fr\/wp-json\/wp\/v2\/tags?post=5090"}],"curies":[{"name":"wp","href":"https:\/\/api.w.org\/{rel}","templated":true}]}}