{"id":5347,"date":"2022-01-10T12:52:08","date_gmt":"2022-01-10T11:52:08","guid":{"rendered":"https:\/\/www.epefrance.org\/?p=5347"},"modified":"2022-01-10T23:15:26","modified_gmt":"2022-01-10T22:15:26","slug":"inscricoes-seccao-internacional-portuguesa","status":"publish","type":"post","link":"https:\/\/www.epefrance.org\/fr\/seccao-internacional-portuguesa\/inscricoes-seccao-internacional-portuguesa\/","title":{"rendered":"Inscri\u00e7\u00f5es 2022-2023 &#8211; Sec\u00e7\u00e3o Internacional Portuguesa &#8211; Liceu Internacional de Saint-Germain-en-Laye"},"content":{"rendered":"<p><span style=\"color: #000000;\">As inscri\u00e7\u00f5es para o ano letivo 2022-2023\u00a0na\u00a0Sec\u00e7\u00e3o Internacional Portuguesa do <a href=\"https:\/\/lycee-international-stgermain.com\" target=\"_blank\" rel=\"noopener\">Lyc\u00e9e International de Saint-Germain-en-Laye<\/a>\u00a0est\u00e3o abertas.<\/span><\/p>\n<p><span style=\"color: #000000;\">Esta Sec\u00e7\u00e3o Internacional Portuguesa tem polos nos seguintes estabelecimentos de ensino:\u00a0<i>Ecole<\/i> <i>Maternelle Normandie-Ni\u00e9men,\u00a0<\/i><i>Ecole Normandie-Ni\u00e9men <\/i>(Prim\u00e1rio) e\u00a0<span lang=\"pt-PT\"><i>Coll\u00e8ge Pierre et Marie Curie.<\/i><\/span><\/span><\/p>\n<p><span style=\"color: #000000;\">As inscri\u00e7\u00f5es decorrem entre <b><span lang=\"FR\">10 de janeiro e 11 de mar\u00e7o 2022.<\/span><\/b><\/span><\/p>\n<p>Ver procedimentos em:<a href=\"http:\/\/www.sectionportugaise.com\/inscri\u00e7oes.html\" target=\"_blank\" rel=\"noopener\"> http:\/\/www.sectionportugaise.com\/inscri\u00e7oes.html<\/a><\/p>\n","protected":false},"excerpt":{"rendered":"<p>As inscri\u00e7\u00f5es para o ano letivo 2022-2023\u00a0na\u00a0Sec\u00e7\u00e3o Internacional Portuguesa do Lyc\u00e9e International de Saint-Germain-en-Laye\u00a0est\u00e3o abertas. Esta Sec\u00e7\u00e3o Internacional Portuguesa tem polos nos seguintes estabelecimentos de ensino:\u00a0Ecole Maternelle Normandie-Ni\u00e9men,\u00a0Ecole Normandie-Ni\u00e9men (Prim\u00e1rio) e\u00a0Coll\u00e8ge Pierre et Marie Curie. As inscri\u00e7\u00f5es decorrem entre 10 de janeiro e 11 de mar\u00e7o 2022. Ver procedimentos em: http:\/\/www.sectionportugaise.com\/inscri\u00e7oes.html<\/p>\n","protected":false},"author":4,"featured_media":5351,"comment_status":"closed","ping_status":"closed","sticky":false,"template":"","format":"standard","meta":{"_acf_changed":false,"footnotes":""},"categories":[26],"tags":[],"class_list":["post-5347","post","type-post","status-publish","format-standard","has-post-thumbnail","hentry","category-seccao-internacional-portuguesa"],"acf":[],"_links":{"self":[{"href":"https:\/\/www.epefrance.org\/fr\/wp-json\/wp\/v2\/posts\/5347","targetHints":{"allow":["GET"]}}],"collection":[{"href":"https:\/\/www.epefrance.org\/fr\/wp-json\/wp\/v2\/posts"}],"about":[{"href":"https:\/\/www.epefrance.org\/fr\/wp-json\/wp\/v2\/types\/post"}],"author":[{"embeddable":true,"href":"https:\/\/www.epefrance.org\/fr\/wp-json\/wp\/v2\/users\/4"}],"replies":[{"embeddable":true,"href":"https:\/\/www.epefrance.org\/fr\/wp-json\/wp\/v2\/comments?post=5347"}],"version-history":[{"count":6,"href":"https:\/\/www.epefrance.org\/fr\/wp-json\/wp\/v2\/posts\/5347\/revisions"}],"predecessor-version":[{"id":5355,"href":"https:\/\/www.epefrance.org\/fr\/wp-json\/wp\/v2\/posts\/5347\/revisions\/5355"}],"wp:featuredmedia":[{"embeddable":true,"href":"https:\/\/www.epefrance.org\/fr\/wp-json\/wp\/v2\/media\/5351"}],"wp:attachment":[{"href":"https:\/\/www.epefrance.org\/fr\/wp-json\/wp\/v2\/media?parent=5347"}],"wp:term":[{"taxonomy":"category","embeddable":true,"href":"https:\/\/www.epefrance.org\/fr\/wp-json\/wp\/v2\/categories?post=5347"},{"taxonomy":"post_tag","embeddable":true,"href":"https:\/\/www.epefrance.org\/fr\/wp-json\/wp\/v2\/tags?post=5347"}],"curies":[{"name":"wp","href":"https:\/\/api.w.org\/{rel}","templated":true}]}}