{"id":5365,"date":"2022-01-11T17:39:11","date_gmt":"2022-01-11T16:39:11","guid":{"rendered":"https:\/\/www.epefrance.org\/?p=5365"},"modified":"2022-01-18T12:49:37","modified_gmt":"2022-01-18T11:49:37","slug":"inscricoes-2022-2023-seccao-internacional-portuguesa-college-internacional-vauban-estrasburgo","status":"publish","type":"post","link":"https:\/\/www.epefrance.org\/fr\/seccao-internacional-portuguesa\/inscricoes-2022-2023-seccao-internacional-portuguesa-college-internacional-vauban-estrasburgo\/","title":{"rendered":"Inscri\u00e7\u00f5es 2022-2023 &#8211; Sec\u00e7\u00e3o Internacional Portuguesa &#8211; Coll\u00e8ge Internacional Vauban &#8211; Estrasburgo"},"content":{"rendered":"<div class=\"kvgmc6g5 cxmmr5t8 oygrvhab hcukyx3x c1et5uql ii04i59q\">\n<div dir=\"auto\">As inscri\u00e7\u00f5es para o ano letivo 2022-2023 na Sec\u00e7\u00e3o Internacional Portuguesa do <em>Coll\u00e8ge International<\/em> Vauban em Estrasburgo est\u00e3o abertas.<\/div>\n<div dir=\"auto\"><\/div>\n<\/div>\n<div class=\"cxmmr5t8 oygrvhab hcukyx3x c1et5uql o9v6fnle ii04i59q\">\n<div dir=\"auto\">As inscri\u00e7\u00f5es decorrem at\u00e9 dia 4 de fevereiro de 2022.<\/div>\n<div dir=\"auto\"><\/div>\n<\/div>\n<div class=\"cxmmr5t8 oygrvhab hcukyx3x c1et5uql o9v6fnle ii04i59q\">\n<div dir=\"auto\"><strong>Ver procedimentos em<\/strong>:<\/div>\n<div dir=\"auto\"><a class=\"oajrlxb2 g5ia77u1 qu0x051f esr5mh6w e9989ue4 r7d6kgcz rq0escxv nhd2j8a9 nc684nl6 p7hjln8o kvgmc6g5 cxmmr5t8 oygrvhab hcukyx3x jb3vyjys rz4wbd8a qt6c0cv9 a8nywdso i1ao9s8h esuyzwwr f1sip0of lzcic4wl gpro0wi8 py34i1dx\" tabindex=\"0\" role=\"link\" href=\"https:\/\/www.college-vauban-strasbourg.fr\/le-college\/sections-internationales\/?fbclid=IwAR2HGHodXkhYtYJik6jY54UVe2JyD5naUlshPgPD0osSdoi9nCSVq1bUmLs\" target=\"_blank\" rel=\"nofollow noopener\">https:\/\/www.college-vauban-strasbourg.fr\/&#8230;\/sections&#8230;\/<\/a><\/div>\n<\/div>\n<div dir=\"auto\">\n<ul>\n<li><strong>Descarregar dossi\u00eas de inscri\u00e7\u00e3o :<\/strong><\/li>\n<li><a href=\"https:\/\/www.college-vauban-strasbourg.fr\/wp-content\/uploads\/2021\/12\/Section-Internationale-6eme.pdf\"><strong>6\u00e8me<\/strong><\/a><\/li>\n<li><a href=\"https:\/\/www.college-vauban-strasbourg.fr\/wp-content\/uploads\/2021\/12\/Section-Internationale-5eme.pdf\"><strong>5\u00e8me<\/strong><\/a><\/li>\n<li><a href=\"https:\/\/www.college-vauban-strasbourg.fr\/wp-content\/uploads\/2021\/12\/Section-Internationale-4eme.pdf\"><strong>4\u00e8me<\/strong><\/a><\/li>\n<li><a href=\"https:\/\/www.college-vauban-strasbourg.fr\/wp-content\/uploads\/2021\/12\/Section-Internationale-3eme.pdf\"><strong>3\u00e8me<\/strong><\/a><\/li>\n<li>Dossi\u00ea a\u00a0devolver, ao\u00a0estabelecimento de ensino<strong>, at\u00e9 dia<\/strong><strong>\u00a04 de fevereiro 2022.<\/strong><\/li>\n<\/ul>\n<\/div>\n","protected":false},"excerpt":{"rendered":"<p>As inscri\u00e7\u00f5es para o ano letivo 2022-2023 na Sec\u00e7\u00e3o Internacional Portuguesa do Coll\u00e8ge International Vauban em Estrasburgo est\u00e3o abertas. As inscri\u00e7\u00f5es decorrem at\u00e9 dia 4 de fevereiro de 2022. Ver procedimentos em: https:\/\/www.college-vauban-strasbourg.fr\/&#8230;\/sections&#8230;\/ Descarregar dossi\u00eas de inscri\u00e7\u00e3o : 6\u00e8me 5\u00e8me 4\u00e8me 3\u00e8me Dossi\u00ea a\u00a0devolver, ao\u00a0estabelecimento de ensino, at\u00e9 dia\u00a04 de fevereiro 2022.<\/p>\n","protected":false},"author":4,"featured_media":5366,"comment_status":"closed","ping_status":"closed","sticky":false,"template":"","format":"standard","meta":{"_acf_changed":false,"footnotes":""},"categories":[26],"tags":[],"class_list":["post-5365","post","type-post","status-publish","format-standard","has-post-thumbnail","hentry","category-seccao-internacional-portuguesa"],"acf":[],"_links":{"self":[{"href":"https:\/\/www.epefrance.org\/fr\/wp-json\/wp\/v2\/posts\/5365","targetHints":{"allow":["GET"]}}],"collection":[{"href":"https:\/\/www.epefrance.org\/fr\/wp-json\/wp\/v2\/posts"}],"about":[{"href":"https:\/\/www.epefrance.org\/fr\/wp-json\/wp\/v2\/types\/post"}],"author":[{"embeddable":true,"href":"https:\/\/www.epefrance.org\/fr\/wp-json\/wp\/v2\/users\/4"}],"replies":[{"embeddable":true,"href":"https:\/\/www.epefrance.org\/fr\/wp-json\/wp\/v2\/comments?post=5365"}],"version-history":[{"count":3,"href":"https:\/\/www.epefrance.org\/fr\/wp-json\/wp\/v2\/posts\/5365\/revisions"}],"predecessor-version":[{"id":5409,"href":"https:\/\/www.epefrance.org\/fr\/wp-json\/wp\/v2\/posts\/5365\/revisions\/5409"}],"wp:featuredmedia":[{"embeddable":true,"href":"https:\/\/www.epefrance.org\/fr\/wp-json\/wp\/v2\/media\/5366"}],"wp:attachment":[{"href":"https:\/\/www.epefrance.org\/fr\/wp-json\/wp\/v2\/media?parent=5365"}],"wp:term":[{"taxonomy":"category","embeddable":true,"href":"https:\/\/www.epefrance.org\/fr\/wp-json\/wp\/v2\/categories?post=5365"},{"taxonomy":"post_tag","embeddable":true,"href":"https:\/\/www.epefrance.org\/fr\/wp-json\/wp\/v2\/tags?post=5365"}],"curies":[{"name":"wp","href":"https:\/\/api.w.org\/{rel}","templated":true}]}}