{"id":5402,"date":"2022-01-18T12:47:51","date_gmt":"2022-01-18T11:47:51","guid":{"rendered":"https:\/\/www.epefrance.org\/?p=5402"},"modified":"2022-01-18T12:54:46","modified_gmt":"2022-01-18T11:54:46","slug":"inscricoes-2022-2023-seccao-internacional-portuguesa-college-emile-verhaeren-em-saint-cloud","status":"publish","type":"post","link":"https:\/\/www.epefrance.org\/fr\/seccao-internacional-portuguesa\/inscricoes-2022-2023-seccao-internacional-portuguesa-college-emile-verhaeren-em-saint-cloud\/","title":{"rendered":"Inscri\u00e7\u00f5es 2022-2023  Sec\u00e7\u00e3o Internacional Portuguesa &#8211; Coll\u00e8ge Emile Verhaeren em Saint-Cloud"},"content":{"rendered":"<div class=\"kvgmc6g5 cxmmr5t8 oygrvhab hcukyx3x c1et5uql ii04i59q\">\n<div dir=\"auto\">As <strong>inscri\u00e7\u00f5es<\/strong>, para o ano letivo 2022-2023, na <strong>Sec\u00e7\u00e3o Internacional Portuguesa<\/strong> do <strong>Coll\u00e8ge Emile Verhaeren em Saint-Cloud<\/strong> est\u00e3o abertas.<\/div>\n<div dir=\"auto\"><\/div>\n<div dir=\"auto\"><\/div>\n<\/div>\n<div class=\"cxmmr5t8 oygrvhab hcukyx3x c1et5uql o9v6fnle ii04i59q\">\n<div dir=\"auto\">Dossi\u00ea de candidatura a descarregar :<\/div>\n<div dir=\"auto\"><a class=\"oajrlxb2 g5ia77u1 qu0x051f esr5mh6w e9989ue4 r7d6kgcz rq0escxv nhd2j8a9 nc684nl6 p7hjln8o kvgmc6g5 cxmmr5t8 oygrvhab hcukyx3x jb3vyjys rz4wbd8a qt6c0cv9 a8nywdso i1ao9s8h esuyzwwr f1sip0of lzcic4wl gpro0wi8 py34i1dx\" tabindex=\"0\" role=\"link\" href=\"https:\/\/www.ac-versailles.fr\/media\/14555\/download?fbclid=IwAR1xQD2WaKDAfRR54zn8HlOA64yauhSWLfdGC_JkZY7dsNxRZW5xGpBPcHU\" target=\"_blank\" rel=\"nofollow noopener\">https:\/\/www.ac-versailles.fr\/media\/14555\/download<\/a><\/div>\n<div dir=\"auto\"><\/div>\n<div dir=\"auto\"><\/div>\n<\/div>\n<div class=\"cxmmr5t8 oygrvhab hcukyx3x c1et5uql o9v6fnle ii04i59q\">\n<div dir=\"auto\">Dossi\u00ea completo a devolver, ao estabelecimento de ensino, at\u00e9 dia<strong> 7 de mar\u00e7o de 2022<\/strong>.<\/div>\n<div dir=\"auto\"><\/div>\n<div dir=\"auto\"><\/div>\n<\/div>\n<div class=\"cxmmr5t8 oygrvhab hcukyx3x c1et5uql o9v6fnle ii04i59q\">\n<div dir=\"auto\">Informa\u00e7\u00f5es complementares : <a class=\"oajrlxb2 g5ia77u1 qu0x051f esr5mh6w e9989ue4 r7d6kgcz rq0escxv nhd2j8a9 nc684nl6 p7hjln8o kvgmc6g5 cxmmr5t8 oygrvhab hcukyx3x jb3vyjys rz4wbd8a qt6c0cv9 a8nywdso i1ao9s8h esuyzwwr f1sip0of lzcic4wl gpro0wi8 py34i1dx\" tabindex=\"0\" role=\"link\" href=\"https:\/\/www.ac-versailles.fr\/si92?fbclid=IwAR0W8bDKIGuWecNncKo3SXxku1KUYeJfZxcNzSyKzS0-lpCCNmzbmt5Bds8\" target=\"_blank\" rel=\"nofollow noopener\">https:\/\/www.ac-versailles.fr\/si92<\/a><\/div>\n<\/div>\n","protected":false},"excerpt":{"rendered":"<p>As inscri\u00e7\u00f5es, para o ano letivo 2022-2023, na Sec\u00e7\u00e3o Internacional Portuguesa do Coll\u00e8ge Emile Verhaeren em Saint-Cloud est\u00e3o abertas. Dossi\u00ea de candidatura a descarregar : https:\/\/www.ac-versailles.fr\/media\/14555\/download Dossi\u00ea completo a devolver, ao estabelecimento de ensino, at\u00e9 dia 7 de mar\u00e7o de 2022. Informa\u00e7\u00f5es complementares : https:\/\/www.ac-versailles.fr\/si92<\/p>\n","protected":false},"author":4,"featured_media":5403,"comment_status":"closed","ping_status":"closed","sticky":false,"template":"","format":"standard","meta":{"_acf_changed":false,"footnotes":""},"categories":[26],"tags":[],"class_list":["post-5402","post","type-post","status-publish","format-standard","has-post-thumbnail","hentry","category-seccao-internacional-portuguesa"],"acf":[],"_links":{"self":[{"href":"https:\/\/www.epefrance.org\/fr\/wp-json\/wp\/v2\/posts\/5402","targetHints":{"allow":["GET"]}}],"collection":[{"href":"https:\/\/www.epefrance.org\/fr\/wp-json\/wp\/v2\/posts"}],"about":[{"href":"https:\/\/www.epefrance.org\/fr\/wp-json\/wp\/v2\/types\/post"}],"author":[{"embeddable":true,"href":"https:\/\/www.epefrance.org\/fr\/wp-json\/wp\/v2\/users\/4"}],"replies":[{"embeddable":true,"href":"https:\/\/www.epefrance.org\/fr\/wp-json\/wp\/v2\/comments?post=5402"}],"version-history":[{"count":6,"href":"https:\/\/www.epefrance.org\/fr\/wp-json\/wp\/v2\/posts\/5402\/revisions"}],"predecessor-version":[{"id":5415,"href":"https:\/\/www.epefrance.org\/fr\/wp-json\/wp\/v2\/posts\/5402\/revisions\/5415"}],"wp:featuredmedia":[{"embeddable":true,"href":"https:\/\/www.epefrance.org\/fr\/wp-json\/wp\/v2\/media\/5403"}],"wp:attachment":[{"href":"https:\/\/www.epefrance.org\/fr\/wp-json\/wp\/v2\/media?parent=5402"}],"wp:term":[{"taxonomy":"category","embeddable":true,"href":"https:\/\/www.epefrance.org\/fr\/wp-json\/wp\/v2\/categories?post=5402"},{"taxonomy":"post_tag","embeddable":true,"href":"https:\/\/www.epefrance.org\/fr\/wp-json\/wp\/v2\/tags?post=5402"}],"curies":[{"name":"wp","href":"https:\/\/api.w.org\/{rel}","templated":true}]}}