{"id":5418,"date":"2022-01-20T15:00:10","date_gmt":"2022-01-20T14:00:10","guid":{"rendered":"https:\/\/www.epefrance.org\/?p=5418"},"modified":"2023-07-18T14:59:29","modified_gmt":"2023-07-18T14:59:29","slug":"inscricoes-2022-2023-seccao-internacional-portuguesa-do-lycee-alexandre-dumas-saint-cloud","status":"publish","type":"post","link":"https:\/\/www.epefrance.org\/fr\/seccao-internacional-portuguesa\/inscricoes-2022-2023-seccao-internacional-portuguesa-do-lycee-alexandre-dumas-saint-cloud\/","title":{"rendered":"Inscri\u00e7\u00f5es 2022-2023 Sec\u00e7\u00e3o Internacional Portuguesa do Lyc\u00e9e Alexandre Dumas, Saint-Cloud"},"content":{"rendered":"<div class=\"kvgmc6g5 cxmmr5t8 oygrvhab hcukyx3x c1et5uql ii04i59q\">\n<div dir=\"auto\"><span style=\"color: #000000;\">As inscri\u00e7\u00f5es, para o ano letivo 2022-2023, na Sec\u00e7\u00e3o Internacional Portuguesa do <strong>Lyc\u00e9e Alexandre Dumas em Saint-Cloud<\/strong>\u00a0est\u00e3o abertas.<\/span><\/div>\n<div dir=\"auto\"><\/div>\n<div dir=\"auto\"><span style=\"color: #000000;\">As inscri\u00e7\u00f5es decorrem at\u00e9<strong> 7 de mar\u00e7o\u00a0<\/strong><\/span><strong>de 2022<span style=\"color: #000000;\">.<\/span><\/strong><\/div>\n<\/div>\n<p><span style=\"color: #b50027;\"><strong>Dossi\u00ea de candidatura a descarregar\u00a0:<\/strong><\/span><\/p>\n<p><a href=\"https:\/\/www.ac-versailles.fr\/media\/14568\/download\" target=\"_blank\" rel=\"noopener\">https:\/\/www.ac-versailles.fr\/media\/14568\/download<\/a><\/p>\n<p><strong>Dossi\u00ea\u00a0a devolver<\/strong>, ao estabelecimento de ensino, at\u00e9 dia <span style=\"color: #b50000;\"><strong><span style=\"color: #000000;\">7 de mar\u00e7o 2022<\/span><\/strong><\/span><\/p>\n<p><span style=\"color: #000000;\"><a style=\"color: #000000;\" href=\"http:\/\/www.lyc-dumas-st-cloud.ac-versailles.fr\/\"><strong>Lyc\u00e9e Alexandre Dumas<\/strong><\/a><\/span><\/p>\n<p>112 boulevard de la R\u00e9publique<\/p>\n<p>92210 Saint-Cloud<\/p>\n<p>Tel.\u00a0: 01.49.11.38.38<\/p>\n<p>Comunica\u00e7\u00e3o dos resultados e realiza\u00e7\u00e3o do teste de admiss\u00e3o:<strong>\u00a0<span style=\"color: #000000;\">no decorrer do m\u00eas mar\u00e7o<\/span><\/strong><\/p>\n","protected":false},"excerpt":{"rendered":"<p>As inscri\u00e7\u00f5es, para o ano letivo 2022-2023, na Sec\u00e7\u00e3o Internacional Portuguesa do Lyc\u00e9e Alexandre Dumas em Saint-Cloud\u00a0est\u00e3o abertas. As inscri\u00e7\u00f5es decorrem at\u00e9 7 de mar\u00e7o\u00a0de 2022. Dossi\u00ea de candidatura a descarregar\u00a0: https:\/\/www.ac-versailles.fr\/media\/14568\/download Dossi\u00ea\u00a0a devolver, ao estabelecimento de ensino, at\u00e9 dia 7 de mar\u00e7o 2022 Lyc\u00e9e Alexandre Dumas 112 boulevard de la R\u00e9publique 92210 Saint-Cloud Tel.\u00a0: [&hellip;]<\/p>\n","protected":false},"author":1,"featured_media":5419,"comment_status":"closed","ping_status":"closed","sticky":false,"template":"","format":"standard","meta":{"_acf_changed":false,"footnotes":""},"categories":[26],"tags":[],"class_list":["post-5418","post","type-post","status-publish","format-standard","has-post-thumbnail","hentry","category-seccao-internacional-portuguesa"],"acf":[],"_links":{"self":[{"href":"https:\/\/www.epefrance.org\/fr\/wp-json\/wp\/v2\/posts\/5418","targetHints":{"allow":["GET"]}}],"collection":[{"href":"https:\/\/www.epefrance.org\/fr\/wp-json\/wp\/v2\/posts"}],"about":[{"href":"https:\/\/www.epefrance.org\/fr\/wp-json\/wp\/v2\/types\/post"}],"author":[{"embeddable":true,"href":"https:\/\/www.epefrance.org\/fr\/wp-json\/wp\/v2\/users\/1"}],"replies":[{"embeddable":true,"href":"https:\/\/www.epefrance.org\/fr\/wp-json\/wp\/v2\/comments?post=5418"}],"version-history":[{"count":11,"href":"https:\/\/www.epefrance.org\/fr\/wp-json\/wp\/v2\/posts\/5418\/revisions"}],"predecessor-version":[{"id":6413,"href":"https:\/\/www.epefrance.org\/fr\/wp-json\/wp\/v2\/posts\/5418\/revisions\/6413"}],"wp:featuredmedia":[{"embeddable":true,"href":"https:\/\/www.epefrance.org\/fr\/wp-json\/wp\/v2\/media\/5419"}],"wp:attachment":[{"href":"https:\/\/www.epefrance.org\/fr\/wp-json\/wp\/v2\/media?parent=5418"}],"wp:term":[{"taxonomy":"category","embeddable":true,"href":"https:\/\/www.epefrance.org\/fr\/wp-json\/wp\/v2\/categories?post=5418"},{"taxonomy":"post_tag","embeddable":true,"href":"https:\/\/www.epefrance.org\/fr\/wp-json\/wp\/v2\/tags?post=5418"}],"curies":[{"name":"wp","href":"https:\/\/api.w.org\/{rel}","templated":true}]}}