{"id":5505,"date":"2022-01-28T17:53:09","date_gmt":"2022-01-28T16:53:09","guid":{"rendered":"https:\/\/www.epefrance.org\/?p=5505"},"modified":"2022-01-28T18:20:56","modified_gmt":"2022-01-28T17:20:56","slug":"inscricoes-2022-2023-seccao-internacional-portuguesa-college-henri-cahn-bry-sur-marne-sur-marne","status":"publish","type":"post","link":"https:\/\/www.epefrance.org\/fr\/seccao-internacional-portuguesa\/inscricoes-2022-2023-seccao-internacional-portuguesa-college-henri-cahn-bry-sur-marne-sur-marne\/","title":{"rendered":"Inscri\u00e7\u00f5es 2022-2023 Sec\u00e7\u00e3o Internacional Portuguesa &#8211; Coll\u00e8ge Henri Cahn, Bry-sur-Marne"},"content":{"rendered":"<p><span data-offset-key=\"djnvc-0-0\"><span style=\"color: #000000;\">As <strong>inscri\u00e7\u00f5es,<\/strong> para o ano letivo 2022-2023, na Sec\u00e7\u00e3o Internacional Portuguesa do<\/span> <a href=\"http:\/\/collegehenricahn.blogspirit.com\" target=\"_blank\" rel=\"noopener\">Coll\u00e8ge Henri Cahn, Bry-sur-Marne<\/a>, <span style=\"color: #000000;\">est\u00e3o <strong>abertas<\/strong> <strong>at\u00e9 ao dia 18 de mar\u00e7o de 2022<\/strong>. <\/span><\/span><\/p>\n<p><span data-offset-key=\"djnvc-0-0\"><strong><span style=\"color: #b50000;\">Reuni\u00e3o de informa\u00e7\u00e3o: quinta-feira 17 de fevereiro de 2022, \u00e0s 18h30, no coll\u00e8ge Henri Cahn<\/span><\/strong>. <\/span><\/p>\n<p><span style=\"color: #000000;\" data-offset-key=\"djnvc-0-0\">N\u00e3o \u00e9 necess\u00e1rio viver em Bry-sur-Marne, para se inscrever nesta sec\u00e7\u00e3o (<em>les SI ne sont pas soumises \u00e0 sectorisation<\/em>). <\/span><\/p>\n<p><span style=\"color: #000000;\" data-offset-key=\"djnvc-0-0\">Para informa\u00e7\u00e3o, o Coll\u00e8ge Henri Cahn, em Bry-sur-Marne, fica a menos de 5 minutos a p\u00e9 do RER A e a menos de 20 minutos do centro de Paris em transportes p\u00fablicos. <\/span><\/p>\n<p><span style=\"color: #000000;\" data-offset-key=\"djnvc-0-0\">Pode descarregar o <strong>dossi\u00ea de candidatura no site<\/strong>: <\/span><a href=\"http:\/\/collegehenricahn.blogspirit.com\/media\/01\/00\/2156997482.pdf\" target=\"_blank\" rel=\"noopener\"><span class=\"py34i1dx\"><span data-offset-key=\"djnvc-1-0\">http:\/\/collegehenricahn.blogspirit.com\/media\/01\/00\/2156997482.pdf<\/span><\/span><\/a><\/p>\n<p><span style=\"color: #000000;\" data-offset-key=\"djnvc-2-0\">O dossi\u00ea tamb\u00e9m pode ser solicitado no secretariado do Coll\u00e8ge. <\/span><\/p>\n<p><strong><span style=\"color: #000000;\" data-offset-key=\"djnvc-2-0\">Entregar a candidatura no estabelecimento de ensino ou enviar por correio at\u00e9 ao dia 18 de mar\u00e7o de 2022. <\/span><\/strong><\/p>\n<p><span data-offset-key=\"djnvc-2-0\">Para consultar as informa\u00e7\u00f5es do Coll\u00e8ge, pode aceder ao link: <\/span><a href=\"http:\/\/collegehenricahn.blogspirit.com\/notre-section-internationale-portugais\/\" target=\"_blank\" rel=\"noopener\"><span class=\"py34i1dx\"><span data-offset-key=\"djnvc-3-0\">http:\/\/collegehenricahn.blogspirit.com\/notre-section-internationale-portugais\/<\/span><\/span><\/a><\/p>\n","protected":false},"excerpt":{"rendered":"<p>As inscri\u00e7\u00f5es, para o ano letivo 2022-2023, na Sec\u00e7\u00e3o Internacional Portuguesa do Coll\u00e8ge Henri Cahn, Bry-sur-Marne, est\u00e3o abertas at\u00e9 ao dia 18 de mar\u00e7o de 2022. Reuni\u00e3o de informa\u00e7\u00e3o: quinta-feira 17 de fevereiro de 2022, \u00e0s 18h30, no coll\u00e8ge Henri Cahn. N\u00e3o \u00e9 necess\u00e1rio viver em Bry-sur-Marne, para se inscrever nesta sec\u00e7\u00e3o (les SI ne [&hellip;]<\/p>\n","protected":false},"author":4,"featured_media":5506,"comment_status":"closed","ping_status":"closed","sticky":false,"template":"","format":"standard","meta":{"_acf_changed":false,"footnotes":""},"categories":[26],"tags":[],"class_list":["post-5505","post","type-post","status-publish","format-standard","has-post-thumbnail","hentry","category-seccao-internacional-portuguesa"],"acf":[],"_links":{"self":[{"href":"https:\/\/www.epefrance.org\/fr\/wp-json\/wp\/v2\/posts\/5505","targetHints":{"allow":["GET"]}}],"collection":[{"href":"https:\/\/www.epefrance.org\/fr\/wp-json\/wp\/v2\/posts"}],"about":[{"href":"https:\/\/www.epefrance.org\/fr\/wp-json\/wp\/v2\/types\/post"}],"author":[{"embeddable":true,"href":"https:\/\/www.epefrance.org\/fr\/wp-json\/wp\/v2\/users\/4"}],"replies":[{"embeddable":true,"href":"https:\/\/www.epefrance.org\/fr\/wp-json\/wp\/v2\/comments?post=5505"}],"version-history":[{"count":2,"href":"https:\/\/www.epefrance.org\/fr\/wp-json\/wp\/v2\/posts\/5505\/revisions"}],"predecessor-version":[{"id":5508,"href":"https:\/\/www.epefrance.org\/fr\/wp-json\/wp\/v2\/posts\/5505\/revisions\/5508"}],"wp:featuredmedia":[{"embeddable":true,"href":"https:\/\/www.epefrance.org\/fr\/wp-json\/wp\/v2\/media\/5506"}],"wp:attachment":[{"href":"https:\/\/www.epefrance.org\/fr\/wp-json\/wp\/v2\/media?parent=5505"}],"wp:term":[{"taxonomy":"category","embeddable":true,"href":"https:\/\/www.epefrance.org\/fr\/wp-json\/wp\/v2\/categories?post=5505"},{"taxonomy":"post_tag","embeddable":true,"href":"https:\/\/www.epefrance.org\/fr\/wp-json\/wp\/v2\/tags?post=5505"}],"curies":[{"name":"wp","href":"https:\/\/api.w.org\/{rel}","templated":true}]}}