{"id":5606,"date":"2022-02-17T12:34:11","date_gmt":"2022-02-17T11:34:11","guid":{"rendered":"https:\/\/www.epefrance.org\/?p=5606"},"modified":"2022-02-17T12:34:11","modified_gmt":"2022-02-17T11:34:11","slug":"2-eme-journee-detude-femmes-ecrivaines-portugaises-pendant-la-dictature-militaire-et-letat-nouveau-1926-1974","status":"publish","type":"post","link":"https:\/\/www.epefrance.org\/fr\/coloquio\/2-eme-journee-detude-femmes-ecrivaines-portugaises-pendant-la-dictature-militaire-et-letat-nouveau-1926-1974\/","title":{"rendered":"2 \u00e8me Journ\u00e9e d\u2019\u00e9tude  Femmes \u00e9crivaines portugaises pendant la dictature militaire et l\u2019\u00c9tat Nouveau (1926-1974)"},"content":{"rendered":"<div class=\"page\" title=\"Page 1\">\n<div class=\"layoutArea\">\n<div class=\"column\">\n<p><span style=\"color: #b50000;\"><strong>UNIVERSIT\u00c9 PARIS NANTERRE<\/strong><\/span><\/p>\n<p><strong><span style=\"color: #000000;\">2\u00e8me Journ\u00e9e d\u2019\u00e9tude<\/span><\/strong><\/p>\n<p><strong><span style=\"color: #000000;\">Femmes \u00e9crivaines portugaises pendant la dictature militaire et l\u2019\u00c9tat Nouveau (1926-1974)<\/span><\/strong><\/p>\n<p><span style=\"color: #000000;\">Organisation : <strong>CRILUS et Chaire Lindley Cintra, Cam\u00f5es, I. P.<\/strong><\/span><\/p>\n<p><span style=\"color: #000000;\">Dans le cadre du projet subventionn\u00e9 par la Fondation Calouste Gulbenkian : \u00ab \u00c9crivaines portugaises pendant la dictature militaire et l\u2019\u00c9tat Nouveau \u00bb IELT \/ CRILUS\/ CICS.NOVA-FACES DE EVA<\/span><\/p>\n<p><strong><span style=\"color: #000000;\">24 f\u00e9vrier 2022 de\u00a09h30 \u2013 17h30<\/span><\/strong><\/p>\n<p><strong><span style=\"color: #000000;\">B\u00e2timent W | Amphith\u00e9\u00e2tre Max Weber<\/span><\/strong><\/p>\n<\/div>\n<\/div>\n<\/div>\n<div><\/div>\n<div>\n<div id=\"description\" class=\"toolbox\">\n<div><img decoding=\"async\" class=\"aligncenter\" src=\"https:\/\/crilus.parisnanterre.fr\/medias\/photo\/picture-1_1644856276351-png?ID_FICHE=219224\" alt=\"\" \/><\/div>\n<p><span style=\"color: #000000;\">Cette 2<sup>\u00e8me<\/sup> journ\u00e9e d\u2019\u00e9tudes dans le cadre du projet \u00ab\u00a0Femmes \u00e9crivaines portugaises pendant la dictature militaire et l\u2019Etat Nouveau (1926-1974)\u00a0\u00bb\u00a0 pr\u00e9sente des communications qui se penchent sur les contraintes de la production litt\u00e9raire des femmes, en particulier pendant les quatre d\u00e9cennies du r\u00e9gime autoritaire, ainsi que sur les m\u00e9canismes d\u2019invisibilit\u00e9 qui ont souvent caract\u00e9ris\u00e9 la r\u00e9ception de leurs ouvrages. Tout en questionnant le contexte sociopolitique de la dictature militaire et de l\u2019\u00c9tat Nouveau, on s\u2019attache \u00e0 comprendre leurs \u00a0conditions et les motivations d\u2019\u00e9criture, leurs strat\u00e9gies de publication, la r\u00e9ception, la critique litt\u00e9raire ainsi que le canon et la marginalisation.<\/span><br \/>\n<span style=\"color: #000000;\">Le chemin de la litt\u00e9rature des femmes \u00e9crivaines portugaises a \u00e9t\u00e9 ouvert, par des contributions individuelles qui se sont affirm\u00e9es entre les ann\u00e9es 30-60, mais surtout par le livre qui a fait trembler le r\u00e9gime, Novas Cartas Portuguesas (1972) des \u2018Trois Marias\u2019. Cet ouvrage est le cas le plus parfait et complexe de la lutte contre le silence, contre l\u2019oubli et montre le pouvoir politique et de la citoyennet\u00e9 de la litt\u00e9rature. \u00a0Cinquante ans apr\u00e8s leur parution la journ\u00e9e d\u2019\u00e9tudes mettra en \u00e9vidence la port\u00e9e de cet \u0153uvre qui n\u2019a rien perdu de son actualit\u00e9, dans le cadre des \u00e9tudes litt\u00e9raires, de l\u2019histoire litt\u00e9raire, des approches comparatistes et de genre, et ses liens avec la France dans le cadre de la Saison France-Portugal 2022.\u00a0 La journ\u00e9e\u00a0d\u2019\u00e9tudes aura un 2\u00e8me volet \u00e0 l\u2019Universidade Nova de Lisboa les 13 et 14 octobre et a re\u00e7u \u00e0 ce titre la labellisation du Comit\u00e9 mixte d\u2019organisation.<\/span><\/p>\n<p><strong>Organisation\u00a0: <\/strong><span style=\"color: #000000;\">CRILUS et Chaire Lindley Cintra, Cam\u00f5es, I. P.<\/span><\/p>\n<p><em><strong><a href=\"https:\/\/crilus.parisnanterre.fr\/medias\/fichier\/programme-journe-e-d-e-tudes-femmes-e-crivaines-pendant-la-dictature_1644851029898-pdf\" target=\"_blank\" rel=\"noopener\">Le programme<\/a><\/strong><\/em><\/div>\n<div><\/div>\n<div class=\"liste-definitions\">\n<div class=\"liste-definitions__terme--colonne\">Partenaires :<\/div>\n<div class=\"liste-definitions__definition--colonne toolbox\"><img loading=\"lazy\" decoding=\"async\" class=\"aligncenter\" src=\"https:\/\/crilus.parisnanterre.fr\/medias\/photo\/screenshot-2022-02-14-at-15-57-18_1644850828252-png?ID_FICHE=219224\" alt=\"\" width=\"930\" height=\"413\" \/><\/div>\n<\/div>\n<\/div>\n","protected":false},"excerpt":{"rendered":"<p>UNIVERSIT\u00c9 PARIS NANTERRE 2\u00e8me Journ\u00e9e d\u2019\u00e9tude Femmes \u00e9crivaines portugaises pendant la dictature militaire et l\u2019\u00c9tat Nouveau (1926-1974) Organisation : CRILUS et Chaire Lindley Cintra, Cam\u00f5es, I. P. Dans le cadre du projet subventionn\u00e9 par la Fondation Calouste Gulbenkian : \u00ab \u00c9crivaines portugaises pendant la dictature militaire et l\u2019\u00c9tat Nouveau \u00bb IELT \/ CRILUS\/ CICS.NOVA-FACES DE [&hellip;]<\/p>\n","protected":false},"author":4,"featured_media":5607,"comment_status":"closed","ping_status":"closed","sticky":false,"template":"","format":"standard","meta":{"_acf_changed":false,"footnotes":""},"categories":[27],"tags":[],"class_list":["post-5606","post","type-post","status-publish","format-standard","has-post-thumbnail","hentry","category-coloquio"],"acf":[],"_links":{"self":[{"href":"https:\/\/www.epefrance.org\/fr\/wp-json\/wp\/v2\/posts\/5606","targetHints":{"allow":["GET"]}}],"collection":[{"href":"https:\/\/www.epefrance.org\/fr\/wp-json\/wp\/v2\/posts"}],"about":[{"href":"https:\/\/www.epefrance.org\/fr\/wp-json\/wp\/v2\/types\/post"}],"author":[{"embeddable":true,"href":"https:\/\/www.epefrance.org\/fr\/wp-json\/wp\/v2\/users\/4"}],"replies":[{"embeddable":true,"href":"https:\/\/www.epefrance.org\/fr\/wp-json\/wp\/v2\/comments?post=5606"}],"version-history":[{"count":1,"href":"https:\/\/www.epefrance.org\/fr\/wp-json\/wp\/v2\/posts\/5606\/revisions"}],"predecessor-version":[{"id":5608,"href":"https:\/\/www.epefrance.org\/fr\/wp-json\/wp\/v2\/posts\/5606\/revisions\/5608"}],"wp:featuredmedia":[{"embeddable":true,"href":"https:\/\/www.epefrance.org\/fr\/wp-json\/wp\/v2\/media\/5607"}],"wp:attachment":[{"href":"https:\/\/www.epefrance.org\/fr\/wp-json\/wp\/v2\/media?parent=5606"}],"wp:term":[{"taxonomy":"category","embeddable":true,"href":"https:\/\/www.epefrance.org\/fr\/wp-json\/wp\/v2\/categories?post=5606"},{"taxonomy":"post_tag","embeddable":true,"href":"https:\/\/www.epefrance.org\/fr\/wp-json\/wp\/v2\/tags?post=5606"}],"curies":[{"name":"wp","href":"https:\/\/api.w.org\/{rel}","templated":true}]}}