{"id":5622,"date":"2022-02-25T15:54:20","date_gmt":"2022-02-25T14:54:20","guid":{"rendered":"https:\/\/www.epefrance.org\/?p=5622"},"modified":"2022-02-25T16:23:47","modified_gmt":"2022-02-25T15:23:47","slug":"comemoracoes-dos-15-anos-do-protocolo-univ-jean-monnet-camoes-ip","status":"publish","type":"post","link":"https:\/\/www.epefrance.org\/fr\/coloquio\/comemoracoes-dos-15-anos-do-protocolo-univ-jean-monnet-camoes-ip\/","title":{"rendered":"Comemora\u00e7\u00f5es dos 15 anos do Protocolo Univ. Jean Monnet &#8211; Cam\u00f5es, IP, encontro com Cristina Semblano"},"content":{"rendered":"<p><span style=\"font-family: georgia, palatino, serif; font-size: 12pt; color: #000000;\">No quadro das Comemora\u00e7\u00f5es dos 15 anos do Protocolo <em>Universit\u00e9<\/em> Jean Monnet (Saint-Etienne) &#8211; Cam\u00f5es, IP, o Leitorado e o Grupo de Estudos de Portugu\u00eas da Faculdade Artes, Letras, L\u00ednguas da Universidade Jean Monnet, organizam um\u00a0<b>encontro com Cristina Semblano<\/b>, professora de economia internacional e lus\u00f3fona, que se debru\u00e7ar\u00e1 sobre <i>A situa\u00e7\u00e3o econ\u00f3mica e as rela\u00e7\u00f5es internacionais em tempos de COVID-19<\/i>. Este encontro ter\u00e1 lugar no dia\u00a0<b>1 de mar\u00e7o, das 10:00 \u00e0s 13:00<\/b>\u00a0<b>na sala A002<\/b> (DEPT).<\/span><\/p>\n<p><a href=\"https:\/\/www.epefrance.org\/wp-content\/uploads\/2022\/02\/image002-2.png\"><img loading=\"lazy\" decoding=\"async\" class=\"aligncenter wp-image-5624 \" src=\"https:\/\/www.epefrance.org\/wp-content\/uploads\/2022\/02\/image002-2.png\" alt=\"\" width=\"441\" height=\"624\" srcset=\"https:\/\/www.epefrance.org\/wp-content\/uploads\/2022\/02\/image002-2.png 1272w, https:\/\/www.epefrance.org\/wp-content\/uploads\/2022\/02\/image002-2-212x300.png 212w, https:\/\/www.epefrance.org\/wp-content\/uploads\/2022\/02\/image002-2-724x1024.png 724w, https:\/\/www.epefrance.org\/wp-content\/uploads\/2022\/02\/image002-2-768x1087.png 768w, https:\/\/www.epefrance.org\/wp-content\/uploads\/2022\/02\/image002-2-1085x1536.png 1085w\" sizes=\"auto, (max-width: 441px) 100vw, 441px\" \/><\/a><a href=\"https:\/\/www.epefrance.org\/wp-content\/uploads\/2022\/02\/image001-5.png\"><img loading=\"lazy\" decoding=\"async\" class=\"aligncenter wp-image-5623 \" src=\"https:\/\/www.epefrance.org\/wp-content\/uploads\/2022\/02\/image001-5.png\" alt=\"\" width=\"249\" height=\"466\" srcset=\"https:\/\/www.epefrance.org\/wp-content\/uploads\/2022\/02\/image001-5.png 470w, https:\/\/www.epefrance.org\/wp-content\/uploads\/2022\/02\/image001-5-160x300.png 160w\" sizes=\"auto, (max-width: 249px) 100vw, 249px\" \/><\/a><\/p>\n","protected":false},"excerpt":{"rendered":"<p>No quadro das Comemora\u00e7\u00f5es dos 15 anos do Protocolo Universit\u00e9 Jean Monnet (Saint-Etienne) &#8211; Cam\u00f5es, IP, o Leitorado e o Grupo de Estudos de Portugu\u00eas da Faculdade Artes, Letras, L\u00ednguas da Universidade Jean Monnet, organizam um\u00a0encontro com Cristina Semblano, professora de economia internacional e lus\u00f3fona, que se debru\u00e7ar\u00e1 sobre A situa\u00e7\u00e3o econ\u00f3mica e as rela\u00e7\u00f5es [&hellip;]<\/p>\n","protected":false},"author":4,"featured_media":5636,"comment_status":"closed","ping_status":"closed","sticky":false,"template":"","format":"standard","meta":{"_acf_changed":false,"footnotes":""},"categories":[27],"tags":[],"class_list":["post-5622","post","type-post","status-publish","format-standard","has-post-thumbnail","hentry","category-coloquio"],"acf":[],"_links":{"self":[{"href":"https:\/\/www.epefrance.org\/fr\/wp-json\/wp\/v2\/posts\/5622","targetHints":{"allow":["GET"]}}],"collection":[{"href":"https:\/\/www.epefrance.org\/fr\/wp-json\/wp\/v2\/posts"}],"about":[{"href":"https:\/\/www.epefrance.org\/fr\/wp-json\/wp\/v2\/types\/post"}],"author":[{"embeddable":true,"href":"https:\/\/www.epefrance.org\/fr\/wp-json\/wp\/v2\/users\/4"}],"replies":[{"embeddable":true,"href":"https:\/\/www.epefrance.org\/fr\/wp-json\/wp\/v2\/comments?post=5622"}],"version-history":[{"count":5,"href":"https:\/\/www.epefrance.org\/fr\/wp-json\/wp\/v2\/posts\/5622\/revisions"}],"predecessor-version":[{"id":5634,"href":"https:\/\/www.epefrance.org\/fr\/wp-json\/wp\/v2\/posts\/5622\/revisions\/5634"}],"wp:featuredmedia":[{"embeddable":true,"href":"https:\/\/www.epefrance.org\/fr\/wp-json\/wp\/v2\/media\/5636"}],"wp:attachment":[{"href":"https:\/\/www.epefrance.org\/fr\/wp-json\/wp\/v2\/media?parent=5622"}],"wp:term":[{"taxonomy":"category","embeddable":true,"href":"https:\/\/www.epefrance.org\/fr\/wp-json\/wp\/v2\/categories?post=5622"},{"taxonomy":"post_tag","embeddable":true,"href":"https:\/\/www.epefrance.org\/fr\/wp-json\/wp\/v2\/tags?post=5622"}],"curies":[{"name":"wp","href":"https:\/\/api.w.org\/{rel}","templated":true}]}}