{"id":5628,"date":"2022-02-25T16:00:35","date_gmt":"2022-02-25T15:00:35","guid":{"rendered":"https:\/\/www.epefrance.org\/?p=5628"},"modified":"2022-02-25T16:24:14","modified_gmt":"2022-02-25T15:24:14","slug":"comemoracoes-dos-15-anos-do-protocolo-univ-jean-monnet-camoes-ip-encontro-com-o-escritor-nuno-judice","status":"publish","type":"post","link":"https:\/\/www.epefrance.org\/fr\/coloquio\/comemoracoes-dos-15-anos-do-protocolo-univ-jean-monnet-camoes-ip-encontro-com-o-escritor-nuno-judice\/","title":{"rendered":"Comemora\u00e7\u00f5es dos 15 anos do Protocolo Univ. Jean Monnet &#8211; Cam\u00f5es, IP, encontro com o escritor Nuno J\u00fadice"},"content":{"rendered":"<p><span style=\"font-family: georgia, palatino, serif; font-size: 12pt; color: #000000;\">No quadro das Comemora\u00e7\u00f5es dos 15 anos do Protocolo <em>Universit\u00e9<\/em> Jean Monnet (Saint-Etienne)\u00a0&#8211; Cam\u00f5es, IP, o Leitorado e o Grupo de Estudos de Portugu\u00eas da Faculdade Artes, Letras, L\u00ednguas da Universidade Jean Monnet organizam um\u00a0<b>encontro com o escritor Nuno J\u00fadice<\/b>, investigador no dom\u00ednio da literatura comparada e Professor Em\u00e9rito da Universidade Nova de Lisboa. Este encontro ter\u00e1 lugar no dia\u00a0<b>2 de mar\u00e7o, das 14:00 \u00e0s 18:00<\/b>\u00a0<b>na sala L105<\/b>\u00a0(<span lang=\"fr\">Tr\u00e9filerie<\/span>).<\/span><\/p>\n<p><a href=\"https:\/\/www.epefrance.org\/wp-content\/uploads\/2022\/02\/image002.png\"><img loading=\"lazy\" decoding=\"async\" class=\"aligncenter wp-image-5631 \" src=\"https:\/\/www.epefrance.org\/wp-content\/uploads\/2022\/02\/image002.png\" alt=\"\" width=\"460\" height=\"652\" srcset=\"https:\/\/www.epefrance.org\/wp-content\/uploads\/2022\/02\/image002.png 1270w, https:\/\/www.epefrance.org\/wp-content\/uploads\/2022\/02\/image002-212x300.png 212w, https:\/\/www.epefrance.org\/wp-content\/uploads\/2022\/02\/image002-722x1024.png 722w, https:\/\/www.epefrance.org\/wp-content\/uploads\/2022\/02\/image002-768x1089.png 768w, https:\/\/www.epefrance.org\/wp-content\/uploads\/2022\/02\/image002-1084x1536.png 1084w\" sizes=\"auto, (max-width: 460px) 100vw, 460px\" \/><\/a><\/p>\n<p><a href=\"https:\/\/www.epefrance.org\/wp-content\/uploads\/2022\/02\/image001-5.png\"><img loading=\"lazy\" decoding=\"async\" class=\"aligncenter wp-image-5623 \" src=\"https:\/\/www.epefrance.org\/wp-content\/uploads\/2022\/02\/image001-5.png\" alt=\"\" width=\"281\" height=\"526\" srcset=\"https:\/\/www.epefrance.org\/wp-content\/uploads\/2022\/02\/image001-5.png 470w, https:\/\/www.epefrance.org\/wp-content\/uploads\/2022\/02\/image001-5-160x300.png 160w\" sizes=\"auto, (max-width: 281px) 100vw, 281px\" \/><\/a><\/p>\n","protected":false},"excerpt":{"rendered":"<p>No quadro das Comemora\u00e7\u00f5es dos 15 anos do Protocolo Universit\u00e9 Jean Monnet (Saint-Etienne)\u00a0&#8211; Cam\u00f5es, IP, o Leitorado e o Grupo de Estudos de Portugu\u00eas da Faculdade Artes, Letras, L\u00ednguas da Universidade Jean Monnet organizam um\u00a0encontro com o escritor Nuno J\u00fadice, investigador no dom\u00ednio da literatura comparada e Professor Em\u00e9rito da Universidade Nova de Lisboa. Este [&hellip;]<\/p>\n","protected":false},"author":4,"featured_media":5636,"comment_status":"closed","ping_status":"closed","sticky":false,"template":"","format":"standard","meta":{"_acf_changed":false,"footnotes":""},"categories":[27],"tags":[],"class_list":["post-5628","post","type-post","status-publish","format-standard","has-post-thumbnail","hentry","category-coloquio"],"acf":[],"_links":{"self":[{"href":"https:\/\/www.epefrance.org\/fr\/wp-json\/wp\/v2\/posts\/5628","targetHints":{"allow":["GET"]}}],"collection":[{"href":"https:\/\/www.epefrance.org\/fr\/wp-json\/wp\/v2\/posts"}],"about":[{"href":"https:\/\/www.epefrance.org\/fr\/wp-json\/wp\/v2\/types\/post"}],"author":[{"embeddable":true,"href":"https:\/\/www.epefrance.org\/fr\/wp-json\/wp\/v2\/users\/4"}],"replies":[{"embeddable":true,"href":"https:\/\/www.epefrance.org\/fr\/wp-json\/wp\/v2\/comments?post=5628"}],"version-history":[{"count":3,"href":"https:\/\/www.epefrance.org\/fr\/wp-json\/wp\/v2\/posts\/5628\/revisions"}],"predecessor-version":[{"id":5635,"href":"https:\/\/www.epefrance.org\/fr\/wp-json\/wp\/v2\/posts\/5628\/revisions\/5635"}],"wp:featuredmedia":[{"embeddable":true,"href":"https:\/\/www.epefrance.org\/fr\/wp-json\/wp\/v2\/media\/5636"}],"wp:attachment":[{"href":"https:\/\/www.epefrance.org\/fr\/wp-json\/wp\/v2\/media?parent=5628"}],"wp:term":[{"taxonomy":"category","embeddable":true,"href":"https:\/\/www.epefrance.org\/fr\/wp-json\/wp\/v2\/categories?post=5628"},{"taxonomy":"post_tag","embeddable":true,"href":"https:\/\/www.epefrance.org\/fr\/wp-json\/wp\/v2\/tags?post=5628"}],"curies":[{"name":"wp","href":"https:\/\/api.w.org\/{rel}","templated":true}]}}