{"id":5646,"date":"2022-03-01T19:01:37","date_gmt":"2022-03-01T18:01:37","guid":{"rendered":"https:\/\/www.epefrance.org\/?p=5646"},"modified":"2022-03-01T19:17:33","modified_gmt":"2022-03-01T18:17:33","slug":"mars-2022-a-la-maison-du-portugal-andre-de-gouveia","status":"publish","type":"post","link":"https:\/\/www.epefrance.org\/fr\/informacao\/mars-2022-a-la-maison-du-portugal-andre-de-gouveia\/","title":{"rendered":"Mars 2022 \u00e0 la Maison du Portugal \u2013 Andr\u00e9 de Gouveia"},"content":{"rendered":"<div>\n<div>\n<p class=\"size-22\" lang=\"x-size-22\" style=\"text-align: center;\"><span style=\"font-size: 14pt;\"><strong>Mars 2022<\/strong><\/span><\/p>\n<\/div>\n<\/div>\n<div align=\"center\"><img decoding=\"async\" src=\"https:\/\/i1.createsend1.com\/ei\/t\/02\/CD5\/AAD\/021707\/csfinal\/Gabriela2-99028a051403cf3c.png\" alt=\"\" width=\"342\" \/><\/div>\n<div>\n<div>\n<p><strong>Exposition de Gabriela Albergaria, <em>What is the colour of green?<\/em><\/strong><\/p>\n<p>Laur\u00e9at de la 2<sup>\u00e8me<\/sup>\u00a0\u00e9dition de l\u2019<strong>Appel \u00e0 projets \u2013 Expositions GULBENKIAN<\/strong>, le\u00a0<strong>CNEAI=<\/strong>\u00a0(Centre National Edition Art Image) propose une \u0153uvre de l\u2019artiste portugaise\u00a0<strong>Gabriela Albergaria<\/strong>\u00a0qui a commenc\u00e9 sous forme de workshop au Cneai=, \u00e0 la Cit\u00e9 Universitaire et dans son parc et se poursuit sous forme d\u2019exposition \u00e0 la\u00a0<strong>Biblioth\u00e8que Gulbenkian.<\/strong><\/p>\n<p><strong>I<\/strong>l existe des cultures qui poss\u00e8dent un grand nombre de noms pour d\u00e9finir une seule couleur, telle que le blanc pour les peuples qui vivent dans les lieux enneig\u00e9s. \u00c0 partir du moment o\u00f9 nous regardons le vert, o\u00f9 notre conscience \u00e9cologique se fait perceptive, quelles sont les verts que nous voyons ? Comment traduire en image ces couleurs aussi diff\u00e9rentes entre elles ? Qu\u2019arrive-t-il quand ces couleurs manifestent leur personnalit\u00e9 ?\u00a0 Le vert comme couleur est \u00a0l\u2019image m\u00eame d\u2019un possible partag\u00e9.<\/p>\n<p>Gabriela Albergaria propose une \u0153uvre qui a commenc\u00e9\u00a0en forme de workshop au CNEAI, \u00e0 la Cit\u00e9 Universitaire et dans son parc. Lieu de convergence des cultures,\u00a0la\u00a0Cit\u00e9 s\u2019offre comme le lieu d\u2019\u00e9lection d\u2019une rencontre de regards autour d\u2019une seule\u00a0couleur,\u00a0susceptible d\u2019accueillir toutes les nuances que nous n\u2019avons pas encore vue, peut-\u00eatre pas encore cr\u00e9es.<\/p>\n<p><strong>Visites de l&rsquo;exposition du lundi au vendredi de 10h \u00e0 17h. Visite guid\u00e9e avec les commissaires le mercredi de 14h \u00e0 17h.<\/strong><\/p>\n<p class=\"size-10\" lang=\"x-size-10\">Commissariat\u00a0:\u00a0<strong>BCU (Bored Curators United)<\/strong>, collectif compos\u00e9 de\u00a0<strong>Silvia Guerra<\/strong>\u00a0et\u00a0<strong>Chiara Vecchiarelli<\/strong>.<\/p>\n<p class=\"size-10\" lang=\"x-size-10\">Production :<u>\u00a0<\/u><strong><a class=\"underline\" href=\"https:\/\/maisonduportugal-andrdegouveia.createsend1.com\/t\/t-i-qcltkl-l-y\/\" target=\"_blank\" rel=\"noopener\" data-emb-iscopy=\"true\">CNEAI =<\/a>, Maison Internationale, CiuP, 17 Bd Jourdan 75014 Paris.<\/strong><\/p>\n<\/div>\n<\/div>\n<div>\n<div class=\"btn btn--flat btn--large\" style=\"text-align: center;\">\n<p><strong><a href=\"https:\/\/maisonduportugal-andrdegouveia.createsend1.com\/t\/t-i-qcltkl-l-j\/\" target=\"_blank\" rel=\"noopener\">Gabriela Albergaria<\/a><\/strong><\/p>\n<\/div>\n<\/div>\n<div>\n<div class=\"divider\" style=\"text-align: center;\">\n<hr \/>\n<\/div>\n<\/div>\n<div>\n<div><\/div>\n<\/div>\n<div align=\"center\"><img decoding=\"async\" src=\"https:\/\/i2.createsend1.com\/ei\/t\/02\/CD5\/AAD\/021707\/csfinal\/Femmeslusophones-9900000000079e3c.jpg\" alt=\"\" width=\"600\" \/><\/div>\n<div>\n<div>\n<p><strong>Le 5 mars, 9h30-18h<\/strong><\/p>\n<p><strong>17\u00e8me Rencontre nationale des associations portugaises de France, 4\u00e8me Rencontre nationale des Associations lusophones<\/strong><\/p>\n<p><strong>9h30-12h &#8211;\u00a0\u00a0Perspectives sur le monde associatif lusophone de France<\/strong>. Interventions de Ant\u00f3nio Nogueira et Carlos Pereira.<\/p>\n<p><strong>12h-13h &#8211; Pr\u00e9sentation du projet de promotion de l&rsquo;apprentissage de la langue portugaise<\/strong>, par Adelaide Crist\u00f3v\u00e3o.<\/p>\n<p><strong>14h-18h &#8211; \u00ab Les femmes lusophones prennent la parole \u00bb, \u00e9v\u00e9nement dans le cadre de la saison France Portugal 2022.\u00a0<\/strong><\/p>\n<p><strong>\u00a014h-15h, Femmes et associations &#8211;\u00a0<\/strong>Interventions de\u00a0 Idelina Fernandes (association Iles du Chocolat, S. Tom\u00e9),\u00a0Odile Rocha (CHEDA, Cap Vert),\u00a0Emmanuelle Afonso (Observatoire des Lusodescendants)<\/p>\n<p><strong>15h-15h30, Femmes et politique &#8211;\u00a0<\/strong>Intervention de Marisa Matias (par zoom).<\/p>\n<p><strong>16h-18h, Femmes et journalisme\u00a0<\/strong>&#8211; Table-ronde propos\u00e9e et coordonn\u00e9e par <strong>Alice Germano<\/strong>. Interventions de\u00a0Ros\u00e1rio Salgueiro (RTP), Catarina Falc\u00e3o (Lusa), Helena Morna (Europe 1), Christine Dovale-Alves (Radio Arc-en-ciel), Lourdes Ribeiro (Radio Enghien), Concei\u00e7\u00e3o Ferreira (Montreal TV Magazine).<\/p>\n<p class=\"size-10\" lang=\"x-size-10\">Activit\u00e9 propos\u00e9e et organis\u00e9e par la CCPF, Marie-H\u00e9l\u00e8ne Euvrard, en collaboration avec les associations lusophones de France mentionn\u00e9es, le LusoJornal et la Coordination de l&rsquo;enseignement du portugais en France. Table-ronde sur le journalisme propos\u00e9e , organis\u00e9e et pr\u00e9sent\u00e9e par Alice Germano.<\/p>\n<p class=\"size-10\" lang=\"x-size-10\">\u00ab Les femmes lusophones prennent la parole \u00bb, table-ronde en partenariat avec la Chaire Lindley Cintra de l\u2019Universit\u00e9 Paris Nanterre et avec le Lectorat de Langue et culture portugaise de l&rsquo;Universit\u00e9 Paris 8 de Cam\u00f5es \u2013 Instituto da Coopera\u00e7\u00e3o e da L\u00edngua.\u00a0<strong>Activit\u00e9 dans le cadre de la Saison France-Portugal 2022.<\/strong><\/p>\n<\/div>\n<\/div>\n<div>\n<div class=\"btn btn--flat btn--large\" style=\"text-align: center;\">\n<p><strong><a href=\"https:\/\/maisonduportugal-andrdegouveia.createsend1.com\/t\/t-i-qcltkl-l-t\/\" target=\"_blank\" rel=\"noopener\">CCPF<\/a><\/strong><\/p>\n<\/div>\n<div>\n<hr \/>\n<\/div>\n<\/div>\n<div>\n<div><\/div>\n<\/div>\n<div>\n<div><\/div>\n<\/div>\n<div align=\"center\"><img decoding=\"async\" src=\"https:\/\/i3.createsend1.com\/ei\/t\/02\/CD5\/AAD\/021707\/csfinal\/DSC_3007-99051403cf03cf3c.jpg\" alt=\"\" width=\"334\" \/><\/div>\n<div>\n<div>\n<p><strong>Le 6 mars, 16h-17h<\/strong><\/p>\n<p><strong>Concert de piano de In\u00eas Filipe<\/strong><\/p>\n<p><strong>R\u00e9cital dans le cadre de la Saison France Portugal 2022.<\/strong><\/p>\n<p>La Maison du Portugal accueillera la pianiste In\u00eas Filipe pour un r\u00e9cital de piano solo, au cours duquel elle interpr\u00e8tera des \u0153uvres de compositeurs portugais comme F. Lopes-Gra\u00e7a et A. Jos\u00e9 Fernandes et du compositeur fran\u00e7ais Claude Debussy, en hommage aux 160 ans de sa naissance.<\/p>\n<p class=\"size-10\" lang=\"x-size-10\">En partenariat le Minist\u00e8re de la Culture portugais, DGArtes, la Chaire Lindley Cintra de l\u2019Universit\u00e9 Paris Nanterre et avec le Lectorat de Langue et culture portugaise de l&rsquo;Universit\u00e9 Paris 8 de Cam\u00f5es \u2013 Instituto da Coopera\u00e7\u00e3o e da L\u00edngua.<\/p>\n<p class=\"size-10\" lang=\"x-size-10\"><strong>Activit\u00e9 dans le cadre de la Saison France-Portugal 2022.<\/strong><\/p>\n<\/div>\n<\/div>\n<div>\n<div class=\"btn btn--flat btn--large\" style=\"text-align: center;\">\n<p><strong><a href=\"https:\/\/maisonduportugal-andrdegouveia.createsend1.com\/t\/t-i-qcltkl-l-i\/\" target=\"_blank\" rel=\"noopener\">In\u00eas Filipe<\/a><\/strong><\/p>\n<hr \/>\n<\/div>\n<\/div>\n<div>\n<div><\/div>\n<\/div>\n<div>\n<div><\/div>\n<\/div>\n<div align=\"center\"><img decoding=\"async\" src=\"https:\/\/i4.createsend1.com\/ei\/t\/02\/CD5\/AAD\/021707\/csfinal\/Teatroisrael-990000000003cf3c.png\" alt=\"\" width=\"300\" \/><\/div>\n<div>\n<div>\n<p><strong>Le 7\u00a0mars, 17h30-19h<\/strong><\/p>\n<p><em><strong>S\u00e9minaire HISTOIRE DU SPECTACLE VIVANT, XIXe-XXIe si\u00e8cles<\/strong><\/em><\/p>\n<p><strong>S\u00e9minaire<\/strong><em><strong>\u00a0<\/strong><\/em><strong>dans le cadre de la Saison France Portugal 2022.<\/strong><\/p>\n<p><strong>Pauline Donizeau, \u00ab\u00a0Le th\u00e9\u00e2tre en \u00c9gypte des ann\u00e9es 1950 \u00e0 aujourd\u2019hui entre immobilisme et transformations\u00a0: approches dramaturgique, sc\u00e9nique et politique\u00a0\u00bb.<\/strong><\/p>\n<p>Les ann\u00e9es 1950 marquent un tournant dans l\u2019histoire de l\u2019\u00c9gypte contemporaine. Avec la fin de la monarchie et du r\u00e9gime colonial, de nouvelles probl\u00e9matiques politiques, sociales et culturelles apparaissent. Le th\u00e9\u00e2tre, promu par le r\u00e9gime, est \u00e0 la fois le r\u00e9ceptacle et l\u2019un des moteurs des transformations. D\u00e8s lors, le lien \u00e9troit entre th\u00e9\u00e2tre et \u00c9tat est un \u00e9l\u00e9ment central pour comprendre l\u2019importance du th\u00e9\u00e2tre \u00e9gyptien \u00e0 l\u2019\u00e9chelle du monde arabe et son \u00e9volution jusqu\u2019\u00e0 aujourd\u2019hui, entre volont\u00e9 d\u2019\u00e9mancipation des artistes et soumission \u00e0 un pouvoir fort et centralis\u00e9. Nous aborderons cette \u00e9volution et ses ambigu\u00eft\u00e9s sous un prisme politique (en particulier le rapport aux institutions) et esth\u00e9tique (dramaturgie et sc\u00e8ne). L\u2019\u00e9pisode r\u00e9volutionnaire de 2011, en tant que r\u00e9v\u00e9lateur de tensions latentes mais aussi ouverture \u00e0 de nouvelles exp\u00e9riences, constituera l\u2019horizon de notre \u00e9tude historique, m\u00eame s\u2019il faudra \u00e9galement dire un mot des reconfigurations \u00e0 l\u2019\u0153uvre depuis 2013 et le retour d\u2019un r\u00e9gime autoritaire dans le pays.<\/p>\n<p class=\"size-10\" lang=\"x-size-10\">S\u00c9MINAIRE SAPRAT (EPHE) &#8211; CRILUS (PARIS NANTERRE), <em>HISTOIRE DU SPECTACLE VIVANT, XIXe-XXIe si\u00e8cles<\/em>, organis\u00e9 par Jean-Claude Yon (Directeur d\u2019\u00e9tudes \u00e0 l\u2019EPHE) et Gra\u00e7a dos Santos (Professeur \u00e0 l\u2019Universit\u00e9 de Paris Nanterre). En partenariat avec le Th\u00e9\u00e2tre de la Cit\u00e9 internationale.<\/p>\n<\/div>\n<\/div>\n<div>\n<div class=\"btn btn--flat btn--large\" style=\"text-align: center;\"><strong><a href=\"https:\/\/maisonduportugal-andrdegouveia.createsend1.com\/t\/t-i-qcltkl-l-d\/\" target=\"_blank\" rel=\"noopener\">Pauline Donizeau<\/a><\/strong><\/div>\n<\/div>\n<div>\n<div><\/div>\n<\/div>\n<div>\n<div class=\"divider\">\n<hr \/>\n<\/div>\n<\/div>\n<div>\n<div><\/div>\n<\/div>\n<div align=\"center\"><img decoding=\"async\" src=\"https:\/\/i5.createsend1.com\/ei\/t\/02\/CD5\/AAD\/021707\/csfinal\/Cedernestpasconsentir-9903cf0000028a3c.jpg\" alt=\"\" width=\"203\" \/><\/div>\n<div>\n<div>\n<p><strong>Le 15 mars, 19h30-21h<\/strong><\/p>\n<p><strong>Rencontre avec Clotilde Leguil,\u00a0<em>C\u00e9der n&rsquo;est pas consentir<\/em><\/strong><\/p>\n<p>Dans le cadre de la Journ\u00e9e internationale des droits des femmes, les Maisons des \u00e9tudiants canadiens et du Portugal, vous invitent \u00e0 une rencontre avec <strong>Clotilde Leguil<\/strong> autour de son dernier livre\u00a0<strong><em>C\u00e9der n&rsquo;est pas consentir<\/em><\/strong>.<\/p>\n<p>Lectures de textes litt\u00e9raires de Morgane Lory, en collaboration avec le Th\u00e9\u00e2tre de la Cit\u00e9 internationale, et pr\u00e9sentation de l&rsquo;\u00e9v\u00e9nement par Catarina Cerqueira.<\/p>\n<p class=\"size-10\" lang=\"x-size-10\">En partenariat avec la Maison des \u00e9tudiants canadiens et le Th\u00e9\u00e2tre de la Cit\u00e9 internationale. Dans le cadre de\u00a0<em>Femmes dans le Monde.<\/em><\/p>\n<\/div>\n<\/div>\n<div>\n<div class=\"btn btn--flat btn--large\" style=\"text-align: center;\">\n<p><strong><strong><a href=\"https:\/\/maisonduportugal-andrdegouveia.createsend1.com\/t\/t-i-qcltkl-l-h\/\" target=\"_blank\" rel=\"noopener\">C\u00e9der n&rsquo;est pas consentir<\/a><\/strong><\/strong><\/p>\n<p>&nbsp;<\/p>\n<hr \/>\n<\/div>\n<\/div>\n<div>\n<div><\/div>\n<\/div>\n<div>\n<div><\/div>\n<\/div>\n<div align=\"center\"><img decoding=\"async\" src=\"https:\/\/i6.createsend1.com\/ei\/t\/02\/CD5\/AAD\/021707\/csfinal\/CartazA3-11-990a280145028a3c.jpg\" alt=\"\" width=\"218\" \/><\/div>\n<div>\n<div>\n<p><strong>Le 19 mars, 16h-19h<\/strong><\/p>\n<p><strong>Rencontre de la SALF (Soci\u00e9t\u00e9 des auteurs lusophones de France)<\/strong><\/p>\n<p>Projection du film documentaire\u00a0<strong><em>Les H\u00e9ritiers de la Bataille de La Lys<\/em>\u00a0de Carlos Pereira<\/strong>, et \u00e9change avec le r\u00e9alisateur.<\/p>\n<p>Pr\u00e9sentation d&rsquo;auteurs de la SALF et de leurs oeuvres : <strong>Altina Ribeiro, Manuel do Nascimento et Dan Inger dos Santos<\/strong>.<\/p>\n<p class=\"size-10\" lang=\"x-size-10\">Ev\u00e9nement propos\u00e9 par la SALF, en partenariat avec LusoJornal.<\/p>\n<\/div>\n<\/div>\n<div>\n<div class=\"btn btn--flat btn--large\" style=\"text-align: center;\"><strong><a href=\"https:\/\/maisonduportugal-andrdegouveia.createsend1.com\/t\/t-i-qcltkl-l-k\/\" target=\"_blank\" rel=\"noopener\">Les H\u00e9ritiers de la Bataille de La Lys<\/a><\/strong><\/div>\n<\/div>\n<div><\/div>\n<div>\n<hr \/>\n<\/div>\n<div>\n<div><\/div>\n<\/div>\n<div>\n<div><\/div>\n<\/div>\n<div align=\"center\"><img decoding=\"async\" src=\"https:\/\/i7.createsend1.com\/ei\/t\/02\/CD5\/AAD\/021707\/csfinal\/Mirabelle-Kajenjeri-990145079e028a3c.jpg\" alt=\"\" width=\"261\" \/><\/div>\n<div>\n<div>\n<p><strong>Le 20 mars, 16h-17h<\/strong><\/p>\n<p><strong>Concert de piano de Mirabelle Kajenjeri<\/strong><\/p>\n<p><strong>R\u00e9cital dans le cadre de la Saison France Portugal 2022<\/strong><\/p>\n<p><strong>Mirabelle Kajenjeri <\/strong>jouera des oeuvres de Fr\u00e9d\u00e9ric Chopin, Ludwig van Beethoven, Maurice Ravel et Alexander Skrjabin. La pianiste\u00a0est laur\u00e9ate du premier prix du <a href=\"https:\/\/maisonduportugal-andrdegouveia.createsend1.com\/t\/t-i-qcltkl-l-u\/\" target=\"_blank\" rel=\"noopener\" data-emb-iscopy=\"true\">Concours Santa Cec\u00edlia<\/a> de Porto, en 2021.<\/p>\n<p class=\"size-10\" lang=\"x-size-10\">En partenariat avec la Chaire Lindley Cintra de l\u2019Universit\u00e9 Paris Nanterre et avec le Lectorat de Langue et culture portugaise de l&rsquo;Universit\u00e9 Paris 8 de Cam\u00f5es \u2013 Instituto da Coopera\u00e7\u00e3o e da L\u00edngua.<\/p>\n<p class=\"size-10\" lang=\"x-size-10\"><strong>Activit\u00e9 dans le cadre de la Saison France-Portugal 2022.<\/strong><\/p>\n<\/div>\n<\/div>\n<div>\n<div class=\"btn btn--flat btn--large\" style=\"text-align: center;\">\n<p><strong><a href=\"https:\/\/maisonduportugal-andrdegouveia.createsend1.com\/t\/t-i-qcltkl-l-o\/\" target=\"_blank\" rel=\"noopener\">Mirabelle Kajenjeri<\/a><\/strong><\/p>\n<p>&nbsp;<\/p>\n<\/div>\n<\/div>\n<div>\n<hr \/>\n<\/div>\n<div>\n<div><\/div>\n<\/div>\n<div>\n<div><\/div>\n<\/div>\n<div align=\"center\"><img decoding=\"async\" src=\"https:\/\/i8.createsend1.com\/ei\/t\/02\/CD5\/AAD\/021707\/csfinal\/Sensationsanimales-210323768822b196.jpg\" alt=\"\" width=\"221\" \/><\/div>\n<div>\n<div>\n<p><strong>Le 21 mars, 15h30-19h, et le\u00a022 mars, 9h45-17h<\/strong><\/p>\n<p><strong>Journ\u00e9es d&rsquo;\u00e9tudes\u00a0<em>Sensations animales<\/em><\/strong><\/p>\n<p><strong>Organisation de Joanne Clavel, Violetta Salvatierra et Myriam Suchet.<\/strong><\/p>\n<p>Si les animaux \u00ab conjuguent les verbes en silence \u00bb selon la tournure de Jean\u2011Christophe Bailly, ils inspirent et nouent de nouvelles relations avec la cr\u00e9ation chor\u00e9graphique contemporaine : de l\u2019animal acteur \u00e0 la d\u00e9nonciation des conditions d\u2019\u00e9levages indignes ou de leur extinction, en passant par la simulation motrice des comportements animaux comme source de nouveaux gestes et spatialit\u00e9s, les inspirations \u00e9thologiques et \u00e9cologiques semblent ainsi foisonner. Plus r\u00e9cemment, des artistes enqu\u00eateurs et enqu\u00eatrices s\u2019emparent du r\u00e9el et des enjeux sociaux autour des probl\u00e9matiques animales, questionnant la complexit\u00e9 du monde et la place du sauvage.\u00a0 Ces journ\u00e9es tenteront d\u2019\u00e9tudier la pr\u00e9sence animale dans les processus de cr\u00e9ation chor\u00e9graphiques (textes, images, \u0153uvres, pratiques) lors de conf\u00e9rences mais aussi en proposant des exp\u00e9riences depuis la place de spectateur et spectatrice ou encore celle du danseur.se. Les ateliers pratiques inviteront \u00e0 (re)devenir animal par l&rsquo;\u00e9mulation perceptive, la simulation motrice et d&rsquo;autres chemins pour mobiliser la mat\u00e9rialit\u00e9 et l&rsquo;image du corps des participant.es.<\/p>\n<p>Ateliers de danse-recherche faits par Maki Watanabe, Pedro Prazeres,\u00a0Gabrielle Soo-ah Son,\u00a0Bleu\u00e8ne Madelaine et\u00a0Boris Nordmann.<\/p>\n<p class=\"size-10\" lang=\"x-size-10\">Atelier Spatialit\u00e9s des Vivants du geste intime aux fa\u00e7onnages collectifs des milieux. Centre des Politiques de la Terre, Universit\u00e9 de Paris, Projet CREATION. Laboratoire MUSIDANSE de l\u2019universit\u00e9 Paris 8 Saint-Denis<\/p>\n<\/div>\n<\/div>\n<div>\n<div class=\"btn btn--flat btn--large\" style=\"text-align: center;\">\n<p><strong><strong><a href=\"https:\/\/maisonduportugal-andrdegouveia.createsend1.com\/t\/t-i-qcltkl-l-b\/\" target=\"_blank\" rel=\"noopener\">Sensations animales<\/a><\/strong><\/strong><\/p>\n<p>&nbsp;<\/p>\n<hr \/>\n<\/div>\n<\/div>\n<div>\n<div><\/div>\n<\/div>\n<div>\n<div><\/div>\n<\/div>\n<div align=\"center\"><img decoding=\"async\" src=\"https:\/\/i9.createsend1.com\/ei\/t\/02\/CD5\/AAD\/021707\/csfinal\/Europeautourdeleurope-990a28028a03cf3c.jpg\" alt=\"\" width=\"328\" \/><\/div>\n<div>\n<div>\n<p><strong>Le 24 mars, \u00e0 16h-19h<\/strong><\/p>\n<p><strong>S\u00e9ance du Festival l&rsquo;Europe autour de l&rsquo;Europe<\/strong><\/p>\n<p><strong>Festival dans le cadre de la Saison France Portugal 2022<\/strong><\/p>\n<p>La <em>Mostra Imaginaires Coloniaux<\/em> r\u00e9unit des films portugais, qui depuis 1920, ont trait\u00e9 de la longue histoire de \u201cl&rsquo;Empire\u201d : les D\u00e9couvertes du XVe et XVIe, le projet imp\u00e9rial, l&rsquo;expansion coloniale au XXe et enfin la guerre (1961-74) contre les ind\u00e9pendantistes. Ces r\u00e9alisations ont \u00e9t\u00e9 produites \u00e0 la fin de la R\u00e9publique (1910-1926), sous le r\u00e9gime militaire (1926-1933), durant l&rsquo;Estado Novo instaur\u00e9 par Salazar, puis en d\u00e9mocratie \u00e0 partir de 1974 et jusqu\u2019\u00e0 nos jours. S\u00e9lection faite par Arielle de Bigault.<\/p>\n<p><strong>PROPAGANDES COLONIALES 2 (71-73) <\/strong><\/p>\n<p><em>Beira, Porta Turistica de Mo\u00e7ambique<\/em>\u00a0[<em>Beira Porte Touristique du Mozambique]<\/em>, Miguel Spiguel, 1973.<\/p>\n<p><em>Le Portugal d\u2019Outre-Mer dans le monde d\u2019aujourd\u2019hui<\/em>, Jean Leduc, 1971.<\/p>\n<p class=\"size-10\" lang=\"x-size-10\">En partenariat avec la Chaire Lindley Cintra de l\u2019Universit\u00e9 Paris Nanterre et avec le Lectorat de Langue et culture portugaise de l&rsquo;Universit\u00e9 Paris 8 de Cam\u00f5es \u2013 Instituto da Coopera\u00e7\u00e3o e da L\u00edngua.<\/p>\n<p class=\"size-10\" lang=\"x-size-10\"><strong>Activit\u00e9 dans le cadre de la Saison France-Portugal 2022.<\/strong><\/p>\n<\/div>\n<\/div>\n<div>\n<div class=\"btn btn--flat btn--large\" style=\"text-align: center;\">\n<p><strong><strong><a href=\"https:\/\/maisonduportugal-andrdegouveia.createsend1.com\/t\/t-i-qcltkl-l-n\/\" target=\"_blank\" rel=\"noopener\">Festival l&rsquo;Europe autour de l&rsquo;Europe<\/a><\/strong><\/strong><\/p>\n<p>&nbsp;<\/p>\n<hr \/>\n<\/div>\n<\/div>\n<div>\n<div><\/div>\n<\/div>\n<div>\n<div><\/div>\n<\/div>\n<div align=\"center\"><img decoding=\"async\" src=\"https:\/\/i10.createsend1.com\/ei\/t\/02\/CD5\/AAD\/021707\/csfinal\/Detail-of-What-is-C-G-1-99079e028a03cf3c.jpg\" alt=\"\" width=\"326\" \/><\/div>\n<div>\n<div>\n<p><strong>Le 26 mars, 17h-19h<\/strong><\/p>\n<p><strong>Habiter l&rsquo;exposition &#8211; <em>V\u00e9hicule <\/em>5 se d\u00e9plie au Cneai<\/strong><\/p>\n<p>Pour fe\u0302ter la sortie du nume\u0301ro 5 de <em>Ve\u0301hicule<\/em>, le Cneai invite a\u0300 une soire\u0301e unique de performances, lectures et activations. Les diffe\u0301rents textes de la revue seront a\u0300 de\u0301couvrir au travers des mises en jeu : la publication se d\u00e9ploiera dans l&rsquo;espace de la Maison du Portugal et la Biblioth\u00e8que Gulbenkian.<\/p>\n<p>Ces lectures et activations perform\u00e9es font partie du cycle<em> Habiter l&rsquo;exposition<\/em>con\u00e7u autour de l&rsquo;exposition <em>What is the Color of Green? <\/em>de Gabriela Albergaria. C&rsquo;est l&rsquo;occasion par les textes et les mots d&rsquo;offrir des r\u00e9sonances aux r\u00e9flexions qui animent le travail de Gabriela Albergaria : le rapport \u00e0 la nature, les paysages et ses nuances de couleurs.<\/p>\n<p class=\"size-10\" lang=\"x-size-10\">V\u00e9hicule est une proposition de Garance Dor et Vincent Menu. Elle se d\u00e9veloppe sous la forme d&rsquo;une \u00e9dition annuelle et d&rsquo;activations lors d&rsquo;\u00e9v\u00e9nements publics. V\u00e9hicule 5 contient des partitions et des protocoles de : Garance Dor, Diane Giorgis, Jo\u00ebl Hubaut, Alexandre Koutchevsky, Daniel Larrieu, Sa\u00efdo Lehlouh &amp; Johanna Faye, Vincent Menu, C\u00e9cile Mainardi, Malte Martin, Delphine Perret, Pauline Picot, Aziyad\u00e9 Baudoin-Talec.<\/p>\n<p class=\"size-10\" lang=\"x-size-10\">Dans le cadre des Nuits de la po\u00e9sie organis\u00e9es par la Maison des \u00e9tudiants canadiens.<\/p>\n<\/div>\n<\/div>\n<div>\n<div class=\"btn btn--flat btn--large\" style=\"text-align: center;\">\n<p><strong><strong><a href=\"https:\/\/maisonduportugal-andrdegouveia.createsend1.com\/t\/t-i-qcltkl-l-p\/\" target=\"_blank\" rel=\"noopener\">V\u00e9hicule 5<\/a><\/strong><\/strong><\/p>\n<p>&nbsp;<\/p>\n<hr \/>\n<\/div>\n<\/div>\n<div>\n<div><\/div>\n<\/div>\n<div>\n<div class=\"divider\"><\/div>\n<\/div>\n<div>\n<div><\/div>\n<\/div>\n<div align=\"center\"><img decoding=\"async\" src=\"https:\/\/i1.createsend1.com\/ei\/t\/02\/CD5\/AAD\/021707\/csfinal\/JooTiagoMagalhes-99045106db028a3c.jpeg\" alt=\"\" width=\"275\" \/><\/div>\n<div>\n<div>\n<p><strong>Le 27 mars, 16h-17h<\/strong><\/p>\n<p><strong>R\u00e9cital de piano de Jo\u00e3o Tiago Magalh\u00e3es<\/strong><\/p>\n<p><strong>Concert dans le cadre de la Saison France Portugal 2022.<\/strong><\/p>\n<p>Oeuvres de compositeurs portugais : Fernando Lapa, Carlos Marecos, Fernando Lopes-Gra\u00e7a et Paulo Bastos, parmi d&rsquo;autres.<\/p>\n<p class=\"size-10\" lang=\"x-size-10\">En partenariat avec la Chaire Lindley Cintra de l\u2019Universit\u00e9 Paris Nanterre et avec le Lectorat de Langue et culture portugaise de l&rsquo;Universit\u00e9 Paris 8 de Cam\u00f5es \u2013 Instituto da Coopera\u00e7\u00e3o e da L\u00edngua.<\/p>\n<p class=\"size-10\" lang=\"x-size-10\"><strong>Activit\u00e9 dans le cadre de la Saison France-Portugal 2022.<\/strong><\/p>\n<\/div>\n<\/div>\n<div>\n<div class=\"btn btn--flat btn--large\" style=\"text-align: center;\"><strong><a href=\"https:\/\/maisonduportugal-andrdegouveia.createsend1.com\/t\/t-i-qcltkl-l-x\/\" target=\"_blank\" rel=\"noopener\">Jo\u00e3o Tiago Magalh\u00e3es<\/a><\/strong><\/div>\n<\/div>\n<div><\/div>\n<div>\n<hr \/>\n<\/div>\n<div>\n<div><\/div>\n<\/div>\n<div>\n<div>\n<p class=\"size-22\" lang=\"x-size-22\"><strong>Et d\u00e9but avril&#8230;<\/strong><\/p>\n<\/div>\n<\/div>\n<div align=\"center\"><img decoding=\"async\" src=\"https:\/\/i2.createsend1.com\/ei\/t\/02\/CD5\/AAD\/021707\/csfinal\/Inezfemmecrite-990000000003cf3c.jpg\" alt=\"\" width=\"300\" \/><\/div>\n<div>\n<div>\n<p><strong>Les 1er et 2 avril, 19h30-21h<\/strong><\/p>\n<p><em><strong>Inez, une femme \u00e9crite<\/strong><\/em><\/p>\n<p><strong>Performance dans le cadre de la Saison France Portugal 2022.<\/strong><\/p>\n<p>\u00ab Depuis 30 ans, je poursuis une danse, une marche \u00e0 reculons, l&rsquo;oeil riv\u00e9 sur le lointain, au plus pr\u00e8s d&rsquo;Inez de Castro. J&rsquo;ai transgress\u00e9 les secrets de la reine morte en surgissant partout. Cette fois-ci, elle nous revient parmi des cha\u00eenes aussi bien moyen\u00e2geux que contemporains d&rsquo;apr\u00e8s Hildegarde de Bingen, l&rsquo;All\u00e9luia de Giacinto Scelsi, la Barcheta de Reynaldo Hahn. Notre concert lyrique est un croisement de voix, danses, musiques, po\u00e8mes, objets sc\u00e9niques, costumes, une mati\u00e8re organique qui bouge et incorpore le r\u00e9cit des \u00ab\u00a0correspon-danses\u00a0\u00bb chant\u00e9es, jou\u00e9es en relation directe avec le mythe. Quelques c\u00e9ramiques qui constituent les arch\u00e9ologie(s), seront \u00e9galement pr\u00e9sent\u00e9es au public \u00bb<\/p>\n<p>L\u00eddia Martinez<\/p>\n<p>Un travail du groupe \u00ab OREILLES ABSOLUES \u00bb, avec <strong>Mariana Fabi\u00e3o<\/strong> (soprano), <strong>Jo\u00e3o Costa Louren\u00e7o<\/strong> (pianiste-compositeur) et la chor\u00e9graphe et autrice <strong>L\u00eddia Martinez<\/strong>.<\/p>\n<p class=\"size-10\" lang=\"x-size-10\">En partenariat avec la Chaire Lindley Cintra de l\u2019Universit\u00e9 Paris Nanterre et avec le Lectorat de Langue et culture portugaise de l&rsquo;Universit\u00e9 Paris 8 de Cam\u00f5es \u2013 Instituto da Coopera\u00e7\u00e3o e da L\u00edngua.<\/p>\n<p class=\"size-10\" lang=\"x-size-10\"><strong>Activit\u00e9 dans le cadre de la Saison France-Portugal 2022.<\/strong><\/p>\n<\/div>\n<\/div>\n<div>\n<div class=\"btn btn--flat btn--large\" style=\"text-align: center;\">\n<p><strong><a href=\"https:\/\/maisonduportugal-andrdegouveia.createsend1.com\/t\/t-i-qcltkl-l-m\/\" target=\"_blank\" rel=\"noopener\">Inez, une femme \u00e9crite<\/a><\/strong><\/p>\n<p>&nbsp;<\/p>\n<\/div>\n<\/div>\n<div>\n<hr \/>\n<\/div>\n<div>\n<div><\/div>\n<\/div>\n<div>\n<div>\n<p class=\"size-22\" lang=\"x-size-22\"><strong>Complicit\u00e9s de mars<\/strong><\/p>\n<\/div>\n<\/div>\n<div align=\"center\"><img decoding=\"async\" src=\"https:\/\/i3.createsend1.com\/ei\/t\/02\/CD5\/AAD\/021707\/csfinal\/LindleyCintra-9900000a2801453c.jpg\" alt=\"\" width=\"180\" \/><\/div>\n<div>\n<div>\n<p><strong>Le 23 mars, 9H 30 &#8211; 18H<\/strong><\/p>\n<p><strong>Rencontre de Chaires de Cam\u00f5es, IP, dans le cadre du 20\u00e8me anniversaire de la Chaire Lindley Cintra de l&rsquo;Universit\u00e9 Paris Nanterre<\/strong><\/p>\n<p><strong>\u00a0Rencontre dans le cadre de la Saison France Portugal 2022<\/strong><\/p>\n<p><strong>\u00c0 l&rsquo;universit\u00e9 Paris Nanterre,\u00a0<\/strong><strong>Amphith\u00e9\u00e2tre Max Weber, B\u00e2t. Max Weber<\/strong><\/p>\n<p class=\"size-10\" lang=\"x-size-10\">Organis\u00e9 par : Le D\u00e9partement de Portugais, Le CRILUS\/UR Etudes romanes la Chaire Lindley Cintra, IP, en partenariat avec le lectorat de Langue et culture portugaise de l&rsquo;Universit\u00e9 Saint-Denis et la Maison du Portugal-Andr\u00e9 de Gouveia.<\/p>\n<p class=\"size-10\" lang=\"x-size-10\"><strong>Activit\u00e9 dans le cadre de la Saison France-Portugal 2022.<\/strong><\/p>\n<\/div>\n<\/div>\n<div>\n<div><\/div>\n<\/div>\n<div>\n<div class=\"divider\"><\/div>\n<\/div>\n<div>\n<div><strong>Nos partenaires pour ces projets<\/strong><\/div>\n<\/div>\n<div align=\"center\"><img decoding=\"async\" src=\"https:\/\/i4.createsend1.com\/ei\/t\/02\/CD5\/AAD\/021707\/csfinal\/Logosfevereiro20221-99079e051404513c.png\" alt=\"\" width=\"546\" \/><\/div>\n","protected":false},"excerpt":{"rendered":"<p>Mars 2022 Exposition de Gabriela Albergaria, What is the colour of green? Laur\u00e9at de la 2\u00e8me\u00a0\u00e9dition de l\u2019Appel \u00e0 projets \u2013 Expositions GULBENKIAN, le\u00a0CNEAI=\u00a0(Centre National Edition Art Image) propose une \u0153uvre de l\u2019artiste portugaise\u00a0Gabriela Albergaria\u00a0qui a commenc\u00e9 sous forme de workshop au Cneai=, \u00e0 la Cit\u00e9 Universitaire et dans son parc et se poursuit sous [&hellip;]<\/p>\n","protected":false},"author":4,"featured_media":5223,"comment_status":"closed","ping_status":"closed","sticky":false,"template":"","format":"standard","meta":{"_acf_changed":false,"footnotes":""},"categories":[30],"tags":[],"class_list":["post-5646","post","type-post","status-publish","format-standard","has-post-thumbnail","hentry","category-informacao"],"acf":[],"_links":{"self":[{"href":"https:\/\/www.epefrance.org\/fr\/wp-json\/wp\/v2\/posts\/5646","targetHints":{"allow":["GET"]}}],"collection":[{"href":"https:\/\/www.epefrance.org\/fr\/wp-json\/wp\/v2\/posts"}],"about":[{"href":"https:\/\/www.epefrance.org\/fr\/wp-json\/wp\/v2\/types\/post"}],"author":[{"embeddable":true,"href":"https:\/\/www.epefrance.org\/fr\/wp-json\/wp\/v2\/users\/4"}],"replies":[{"embeddable":true,"href":"https:\/\/www.epefrance.org\/fr\/wp-json\/wp\/v2\/comments?post=5646"}],"version-history":[{"count":2,"href":"https:\/\/www.epefrance.org\/fr\/wp-json\/wp\/v2\/posts\/5646\/revisions"}],"predecessor-version":[{"id":5648,"href":"https:\/\/www.epefrance.org\/fr\/wp-json\/wp\/v2\/posts\/5646\/revisions\/5648"}],"wp:featuredmedia":[{"embeddable":true,"href":"https:\/\/www.epefrance.org\/fr\/wp-json\/wp\/v2\/media\/5223"}],"wp:attachment":[{"href":"https:\/\/www.epefrance.org\/fr\/wp-json\/wp\/v2\/media?parent=5646"}],"wp:term":[{"taxonomy":"category","embeddable":true,"href":"https:\/\/www.epefrance.org\/fr\/wp-json\/wp\/v2\/categories?post=5646"},{"taxonomy":"post_tag","embeddable":true,"href":"https:\/\/www.epefrance.org\/fr\/wp-json\/wp\/v2\/tags?post=5646"}],"curies":[{"name":"wp","href":"https:\/\/api.w.org\/{rel}","templated":true}]}}