{"id":5651,"date":"2022-03-08T19:54:52","date_gmt":"2022-03-08T18:54:52","guid":{"rendered":"https:\/\/www.epefrance.org\/?p=5651"},"modified":"2022-03-08T19:56:25","modified_gmt":"2022-03-08T18:56:25","slug":"5651","status":"publish","type":"post","link":"https:\/\/www.epefrance.org\/fr\/coloquio\/5651\/","title":{"rendered":"Rencontre d\u00e9bat avec Bruno Sena Martins CES Coimbra"},"content":{"rendered":"<p>Le d\u00e9partement de portugais et la Chaire M. Soares (Universit\u00e9 de Rennes 2) organisent lundi prochain (14\/03), une conf\u00e9rence-d\u00e9bat avec M. Bruno Sena Martins du CES (Centre d&rsquo;Etudes Sociales) de Coimbra intitul\u00e9e: \u00ab\u00a0Violence coloniale, racisme et m\u00e9moires rebelles: pour une d\u00e9colonisation du pr\u00e9sent\u00a0\u00bb, salle K07, \u00e0 14h.<\/p>\n<p><a href=\"https:\/\/www.epefrance.org\/wp-content\/uploads\/2022\/03\/Sena20Martins_cartaz20final.jpg\"><img loading=\"lazy\" decoding=\"async\" class=\"aligncenter wp-image-5653 size-full\" src=\"https:\/\/www.epefrance.org\/wp-content\/uploads\/2022\/03\/Sena20Martins_cartaz20final.jpg\" alt=\"\" width=\"1683\" height=\"2381\" srcset=\"https:\/\/www.epefrance.org\/wp-content\/uploads\/2022\/03\/Sena20Martins_cartaz20final.jpg 1683w, https:\/\/www.epefrance.org\/wp-content\/uploads\/2022\/03\/Sena20Martins_cartaz20final-212x300.jpg 212w, https:\/\/www.epefrance.org\/wp-content\/uploads\/2022\/03\/Sena20Martins_cartaz20final-724x1024.jpg 724w, https:\/\/www.epefrance.org\/wp-content\/uploads\/2022\/03\/Sena20Martins_cartaz20final-768x1087.jpg 768w, https:\/\/www.epefrance.org\/wp-content\/uploads\/2022\/03\/Sena20Martins_cartaz20final-1086x1536.jpg 1086w, https:\/\/www.epefrance.org\/wp-content\/uploads\/2022\/03\/Sena20Martins_cartaz20final-1448x2048.jpg 1448w\" sizes=\"auto, (max-width: 1683px) 100vw, 1683px\" \/><\/a><\/p>\n","protected":false},"excerpt":{"rendered":"<p>Le d\u00e9partement de portugais et la Chaire M. Soares (Universit\u00e9 de Rennes 2) organisent lundi prochain (14\/03), une conf\u00e9rence-d\u00e9bat avec M. Bruno Sena Martins du CES (Centre d&rsquo;Etudes Sociales) de Coimbra intitul\u00e9e: \u00ab\u00a0Violence coloniale, racisme et m\u00e9moires rebelles: pour une d\u00e9colonisation du pr\u00e9sent\u00a0\u00bb, salle K07, \u00e0 14h.<\/p>\n","protected":false},"author":4,"featured_media":5652,"comment_status":"closed","ping_status":"closed","sticky":false,"template":"","format":"standard","meta":{"_acf_changed":false,"footnotes":""},"categories":[27],"tags":[],"class_list":["post-5651","post","type-post","status-publish","format-standard","has-post-thumbnail","hentry","category-coloquio"],"acf":[],"_links":{"self":[{"href":"https:\/\/www.epefrance.org\/fr\/wp-json\/wp\/v2\/posts\/5651","targetHints":{"allow":["GET"]}}],"collection":[{"href":"https:\/\/www.epefrance.org\/fr\/wp-json\/wp\/v2\/posts"}],"about":[{"href":"https:\/\/www.epefrance.org\/fr\/wp-json\/wp\/v2\/types\/post"}],"author":[{"embeddable":true,"href":"https:\/\/www.epefrance.org\/fr\/wp-json\/wp\/v2\/users\/4"}],"replies":[{"embeddable":true,"href":"https:\/\/www.epefrance.org\/fr\/wp-json\/wp\/v2\/comments?post=5651"}],"version-history":[{"count":3,"href":"https:\/\/www.epefrance.org\/fr\/wp-json\/wp\/v2\/posts\/5651\/revisions"}],"predecessor-version":[{"id":5656,"href":"https:\/\/www.epefrance.org\/fr\/wp-json\/wp\/v2\/posts\/5651\/revisions\/5656"}],"wp:featuredmedia":[{"embeddable":true,"href":"https:\/\/www.epefrance.org\/fr\/wp-json\/wp\/v2\/media\/5652"}],"wp:attachment":[{"href":"https:\/\/www.epefrance.org\/fr\/wp-json\/wp\/v2\/media?parent=5651"}],"wp:term":[{"taxonomy":"category","embeddable":true,"href":"https:\/\/www.epefrance.org\/fr\/wp-json\/wp\/v2\/categories?post=5651"},{"taxonomy":"post_tag","embeddable":true,"href":"https:\/\/www.epefrance.org\/fr\/wp-json\/wp\/v2\/tags?post=5651"}],"curies":[{"name":"wp","href":"https:\/\/api.w.org\/{rel}","templated":true}]}}