{"id":5727,"date":"2022-03-25T14:51:55","date_gmt":"2022-03-25T13:51:55","guid":{"rendered":"https:\/\/www.epefrance.org\/?p=5727"},"modified":"2022-03-25T15:50:44","modified_gmt":"2022-03-25T14:50:44","slug":"colloque-international-48x48-48-ans-de-democratie-apres-48-ans-de-dictature-temporalites-portugaises-en-miroir","status":"publish","type":"post","link":"https:\/\/www.epefrance.org\/fr\/coloquio\/colloque-international-48x48-48-ans-de-democratie-apres-48-ans-de-dictature-temporalites-portugaises-en-miroir\/","title":{"rendered":"Colloque International 48&#215;48 : 48 ans de D\u00e9mocratie apr\u00e8s 48 ans de Dictature: Temporalit\u00e9s Portugaises en miroir"},"content":{"rendered":"<div class=\"actualite_cartouche\">\n<p><a href=\"https:\/\/www.epefrance.org\/wp-content\/uploads\/2022\/03\/48x48.jpg\"><img loading=\"lazy\" decoding=\"async\" class=\"aligncenter wp-image-5728 \" src=\"https:\/\/www.epefrance.org\/wp-content\/uploads\/2022\/03\/48x48.jpg\" alt=\"\" width=\"485\" height=\"686\" srcset=\"https:\/\/www.epefrance.org\/wp-content\/uploads\/2022\/03\/48x48.jpg 905w, https:\/\/www.epefrance.org\/wp-content\/uploads\/2022\/03\/48x48-212x300.jpg 212w, https:\/\/www.epefrance.org\/wp-content\/uploads\/2022\/03\/48x48-724x1024.jpg 724w, https:\/\/www.epefrance.org\/wp-content\/uploads\/2022\/03\/48x48-768x1086.jpg 768w\" sizes=\"auto, (max-width: 485px) 100vw, 485px\" \/><\/a><\/p>\n<p id=\"resume\">Colloque international organis\u00e9 \u00e0 Paris et Lisbonne dans le cadre de la Saison France &#8211; Portugal 2022 Organisation Centre de Recherches Interdisciplinaires sur le Monde Lusophone (CRILUS \u2013 Universit\u00e9 Paris Nanterre), Chaire Lindley Cintra, Cam\u00f5es, I. P, (Universit\u00e9 Paris Nanterre) et Centro de Estudos Sociais (CES \u2013 Universidade de Coimbra)<\/p>\n<\/div>\n<div class=\"liste-definitions\">\n<div class=\"liste-definitions__terme--colonne\">Date(s) et lieu(x) :<\/div>\n<div class=\"liste-definitions__definition--colonne\">\n<p id=\"date\">du 7 avril 2022 au 8 avril 2022<\/p>\n<div id=\"complement_date\" class=\"toolbox\"><strong>7 avril\u00a0:<\/strong><br \/>\nDe 9h30 \u00e0 18h30<br \/>\nUniversit\u00e9 Paris Nanterre, B\u00e2t. Max Weber \u2013 Salle 2<\/div>\n<div class=\"toolbox\"><strong>8 avril\u00a0:<\/strong><br \/>\nDe 9h30 \u00e0 18h30<br \/>\nMaison du Portugal-Andr\u00e9 de Gouveia\u00a0\/ 7 P boulevard Jourdan \u2013 75014 Paris<br \/>\nCit\u00e9 Internationale Universitaire de Paris (RER B\u00a0: Cit\u00e9 Universitaire)<\/div>\n<\/div>\n<div class=\"liste-definitions__definition--colonne\">\n<div id=\"complement_lieu\" class=\"toolbox\"><\/div>\n<\/div>\n<\/div>\n<div id=\"description\" class=\"toolbox\">\n<div><img decoding=\"async\" class=\"aligncenter\" src=\"https:\/\/crilus.parisnanterre.fr\/medias\/photo\/temporada-1_1645113509219-png?ID_FICHE=221849\" alt=\"\" \/><\/div>\n<p>Le 25 avril marque annuellement, depuis 1974, la c\u00e9l\u00e9bration de la R\u00e9volution des oeillets, qui rappelle l\u2019av\u00e8nement de la d\u00e9mocratie portugaise. Auparavant, durant 48 ans le Portugal a v\u00e9cu sous la dictature la plus longue de l\u2019Europe occidentale du XXe si\u00e8cle. En 2022 deux temporalit\u00e9s \u00e9gales se font face : 48 ans de dictature suivies de 48 ans de d\u00e9mocratie.<br \/>\nLe colloque propose une r\u00e9flexion pluridisciplinaire en forme de mise en miroir temporelle de ces deux p\u00e9riodes qui se font face. Nous souhaitons aborder les divers domaines artistiques et disciplinaires (litt\u00e9rature, linguistique, arts visuels et de la sc\u00e8ne, cin\u00e9ma, histoire de la culture, philosophie mais aussi les sciences sociales\u2026) ainsi que les proc\u00e9dures de pens\u00e9e et les formes de repr\u00e9sentation utilis\u00e9es pour faire du pass\u00e9 un usage pens\u00e9 dans un pr\u00e9sent en devenir.<br \/>\nConsid\u00e9rant que \u00ab\u00a0la post-m\u00e9moire ne se rapporte pas au pass\u00e9 par l\u2019interm\u00e9diaire de la rem\u00e9moration, mais par un investissement imaginaire, une projection et une cr\u00e9ation \u00bb (Hirsch, 2014), ce colloque international se propose d\u2019examiner, dans une perspective multidisciplinaire et transversale, les circulations et h\u00e9ritages de ces m\u00e9moires crois\u00e9es pass\u00e9-pr\u00e9sent. La question de la transmission interg\u00e9n\u00e9rationnelle de la m\u00e9moire (ressentie ou non comme traumatique) sera analys\u00e9e \u00e0 l\u2019aune des ph\u00e9nom\u00e8nes de post-m\u00e9moire dictatoriale, coloniale, migratoire, renvoyant aux repr\u00e9sentations du ressenti de ces temporalit\u00e9s et \u00e0 leurs projections dans l\u2019avenir.<\/p>\n<p><strong>Organisation\u00a0:<\/strong><\/p>\n<ul>\n<li>Centre de Recherches Interdisciplinaires sur le monde Lusophone (CRILUS) et Chaire Lindley Cintra, Cam\u00f5es, I. P, Universit\u00e9 Paris Nanterre\/France.<\/li>\n<li>Centro de Estudos Sociais (CES) da Universidade de Coimbra, atrav\u00e9s do projeto, MAPS P\u00f3s-Mem\u00f3rias Europeias: uma cartografia p\u00f3s-colonial, Funda\u00e7\u00e3o para a Ci\u00eancia e Tecnologia (FCT &#8211; PTDC\/LLTOUT\/7036\/2020).<\/li>\n<\/ul>\n<p><strong>Partenariats:<\/strong><\/p>\n<ul>\n<li>Maison du Portugal \u2013 Andr\u00e9 de Gouveia &#8211; Cit\u00e9 Universitaire<\/li>\n<li>Biblioteca de Alc\u00e2ntara, Lisboa<\/li>\n<\/ul>\n<p><strong><em>Programme et affiche t\u00e9l\u00e9chargeables en pi\u00e8ce jointe<\/em><\/strong><\/p>\n<\/div>\n<div class=\"liste-definitions\">\n<div class=\"liste-definitions__terme--colonne\">Partenaires :<\/div>\n<div><a href=\"https:\/\/crilus.parisnanterre.fr\/medias\/photo\/affiche-48x48_1648156759331-jpg\" target=\"_blank\" rel=\"noopener\">Affiche 48&#215;48<\/a><\/div>\n<div><a href=\"https:\/\/crilus.parisnanterre.fr\/medias\/fichier\/argumentaire-48x48_1647433025472-pdf\" target=\"_blank\" rel=\"noopener\">Argumentaire 48&#215;48<\/a><\/div>\n<\/div>\n<div><a href=\"https:\/\/crilus.parisnanterre.fr\/medias\/fichier\/programme-48x48_1648157025165-pdf\" target=\"_blank\" rel=\"noopener\">Programme 48&#215;48<\/a><\/div>\n<div><\/div>\n<div>Plus d&rsquo;informations:<\/div>\n<div><a href=\"https:\/\/crilus.parisnanterre.fr\/manifestations\/colloque-international-48x48-48-ans-de-democratie-apres-48-ans-de-dictature-temporalites-portugaises-en-miroir\" target=\"_blank\" rel=\"noopener\">https:\/\/crilus.parisnanterre.fr\/manifestations\/colloque-international-48&#215;48-48-ans-de-democratie-apres-48-ans-de-dictature-temporalites-portugaises-en-miroir<\/a><\/div>\n<div>\n<p>Contact :<br \/>\nGra\u00e7a Dos Santos : <a class=\"email\">dos-santos.graca@wanadoo.fr<\/a><\/p>\n<\/div>\n<div class=\"liste-definitions\">\n<div class=\"liste-definitions__definition--colonne toolbox\"><img loading=\"lazy\" decoding=\"async\" class=\"\" src=\"https:\/\/crilus.parisnanterre.fr\/medias\/photo\/logos-_1647691522507-png?ID_FICHE=221849\" alt=\"\" width=\"640\" height=\"176\" \/><img loading=\"lazy\" decoding=\"async\" class=\"\" src=\"https:\/\/crilus.parisnanterre.fr\/medias\/photo\/fr-pt-bloc-logo-instit-rvb_1647690940139-jpg?ID_FICHE=221849\" alt=\"\" width=\"602\" height=\"109\" \/><br \/>\n<img loading=\"lazy\" decoding=\"async\" class=\"\" src=\"https:\/\/crilus.parisnanterre.fr\/medias\/photo\/logo-paris-nanterre-couleur-rvb_1647691027383-jpg?ID_FICHE=221849\" alt=\"\" width=\"167\" height=\"36\" \/>\u00a0 \u00a0\u00a0\u00a0 <img loading=\"lazy\" decoding=\"async\" class=\"\" src=\"https:\/\/crilus.parisnanterre.fr\/medias\/photo\/logo-crilus_1647691904051-png?ID_FICHE=221849\" alt=\"\" width=\"91\" height=\"64\" \/> <img loading=\"lazy\" decoding=\"async\" class=\"\" src=\"https:\/\/crilus.parisnanterre.fr\/medias\/photo\/logos-2_1647691569643-png?ID_FICHE=221849\" alt=\"\" width=\"249\" height=\"81\" \/><\/div>\n<div class=\"liste-definitions__definition--colonne toolbox\"><img loading=\"lazy\" decoding=\"async\" class=\"\" src=\"https:\/\/crilus.parisnanterre.fr\/medias\/photo\/logo-maison-du-portugal-noir_1647691137956-png?ID_FICHE=221849\" alt=\"\" width=\"214\" height=\"51\" \/> <img loading=\"lazy\" decoding=\"async\" class=\"\" src=\"https:\/\/crilus.parisnanterre.fr\/medias\/photo\/logo-blx_1647691794324-png?ID_FICHE=221849\" alt=\"\" width=\"136\" height=\"71\" \/><\/div>\n<\/div>\n","protected":false},"excerpt":{"rendered":"<p>Colloque international organis\u00e9 \u00e0 Paris et Lisbonne dans le cadre de la Saison France &#8211; Portugal 2022 Organisation Centre de Recherches Interdisciplinaires sur le Monde Lusophone (CRILUS \u2013 Universit\u00e9 Paris Nanterre), Chaire Lindley Cintra, Cam\u00f5es, I. P, (Universit\u00e9 Paris Nanterre) et Centro de Estudos Sociais (CES \u2013 Universidade de Coimbra) Date(s) et lieu(x) : du [&hellip;]<\/p>\n","protected":false},"author":4,"featured_media":5730,"comment_status":"closed","ping_status":"closed","sticky":false,"template":"","format":"standard","meta":{"_acf_changed":false,"footnotes":""},"categories":[27],"tags":[],"class_list":["post-5727","post","type-post","status-publish","format-standard","has-post-thumbnail","hentry","category-coloquio"],"acf":[],"_links":{"self":[{"href":"https:\/\/www.epefrance.org\/fr\/wp-json\/wp\/v2\/posts\/5727","targetHints":{"allow":["GET"]}}],"collection":[{"href":"https:\/\/www.epefrance.org\/fr\/wp-json\/wp\/v2\/posts"}],"about":[{"href":"https:\/\/www.epefrance.org\/fr\/wp-json\/wp\/v2\/types\/post"}],"author":[{"embeddable":true,"href":"https:\/\/www.epefrance.org\/fr\/wp-json\/wp\/v2\/users\/4"}],"replies":[{"embeddable":true,"href":"https:\/\/www.epefrance.org\/fr\/wp-json\/wp\/v2\/comments?post=5727"}],"version-history":[{"count":4,"href":"https:\/\/www.epefrance.org\/fr\/wp-json\/wp\/v2\/posts\/5727\/revisions"}],"predecessor-version":[{"id":5733,"href":"https:\/\/www.epefrance.org\/fr\/wp-json\/wp\/v2\/posts\/5727\/revisions\/5733"}],"wp:featuredmedia":[{"embeddable":true,"href":"https:\/\/www.epefrance.org\/fr\/wp-json\/wp\/v2\/media\/5730"}],"wp:attachment":[{"href":"https:\/\/www.epefrance.org\/fr\/wp-json\/wp\/v2\/media?parent=5727"}],"wp:term":[{"taxonomy":"category","embeddable":true,"href":"https:\/\/www.epefrance.org\/fr\/wp-json\/wp\/v2\/categories?post=5727"},{"taxonomy":"post_tag","embeddable":true,"href":"https:\/\/www.epefrance.org\/fr\/wp-json\/wp\/v2\/tags?post=5727"}],"curies":[{"name":"wp","href":"https:\/\/api.w.org\/{rel}","templated":true}]}}