{"id":5745,"date":"2022-04-01T12:22:14","date_gmt":"2022-04-01T11:22:14","guid":{"rendered":"https:\/\/www.epefrance.org\/?p=5745"},"modified":"2022-04-01T14:02:00","modified_gmt":"2022-04-01T13:02:00","slug":"5745","status":"publish","type":"post","link":"https:\/\/www.epefrance.org\/fr\/non-classe\/5745\/","title":{"rendered":"Conf\u00e9rence d\u00e9bat : \u00c9rasme et la Censure des Livres, par Eric MacPhail"},"content":{"rendered":"<div align=\"center\"><span style=\"font-family: georgia, palatino, serif; font-size: 12pt; color: #000000;\"><span lang=\"fr\">La Chaire Cam\u00f5es en collaboration avec le d\u00e9partement de portugais de R2 vous invite \u00e0 la conf\u00e9rence d\u00e9bat : \u00c9rasme et la Censure des Livres, par Eric MacPhail, Indiana University qui aura lieu le<\/span><span lang=\"fr\">\u00a0<\/span><span lang=\"fr\">11 avril 2022<\/span><span lang=\"fr\">, 14h-15h30, salle Jacques L\u00e9onard, B\u00e2t. A<\/span><\/span><\/div>\n<div align=\"center\"><span style=\"font-family: georgia, palatino, serif; font-size: 12pt; color: #000000;\">\u00a0<\/span><\/div>\n<div align=\"center\"><span style=\"font-family: georgia, palatino, serif; font-size: 12pt; color: #000000;\"><span lang=\"fr\">\u00c9rasme et la Censure des Livres<\/span><\/span><\/div>\n<div><span style=\"font-family: georgia, palatino, serif; font-size: 12pt; color: #000000;\"><span lang=\"fr\">\u00a0<\/span><\/span><\/div>\n<div><span style=\"font-family: georgia, palatino, serif; font-size: 12pt; color: #000000;\"><span lang=\"fr\">L\u2019<\/span><span lang=\"fr\"><i>Index librorum prohibitorum<\/i><\/span><span lang=\"fr\">\u00a0<\/span><span lang=\"fr\">promulgu\u00e9 par l\u2019\u00c9glise \u00e0 la suite du Concile de Trente sous le pape Pie IV a soumis l\u2019\u0153uvre d\u2019\u00c9rasme \u00e0 un r\u00e9gime de censure tr\u00e8s s\u00e9v\u00e8re et en m\u00eame temps tr\u00e8s ambivalent. L\u2019\u00c9glise se m\u00e9fiait d\u2019\u00c9rasme comme l\u2019inspirateur de Luther (en oubliant qu\u2019il avait \u00e9t\u00e9 son adversaire), mais elle avait besoin de ses \u00e9crits p\u00e9dagogiques et rh\u00e9toriques pour son programme d\u2019enseignement organis\u00e9 sous la Contre-R\u00e9forme. Par cons\u00e9quent, un certain nombre de ses ouvrages ont \u00e9t\u00e9 expurg\u00e9s plut\u00f4t que supprim\u00e9s, y compris l\u2019\u00e9dition des Adages qui a paru sous le nom de Paolo Manuzio en 1575. C\u2019est cette \u00e9dition des Adages sans \u00c9rasme qui nous rappelle que la censure peut \u00eatre non seulement un abus de pouvoir mais aussi un exercice de critique litt\u00e9raire des plus subtiles.<\/span><span lang=\"fr\">\u00a0<\/span><\/span><\/div>\n<div><a href=\"https:\/\/www.epefrance.org\/wp-content\/uploads\/2022\/04\/Eric-MacPhail_cartaz_web.jpg\"><img loading=\"lazy\" decoding=\"async\" class=\"aligncenter wp-image-5747 \" src=\"https:\/\/www.epefrance.org\/wp-content\/uploads\/2022\/04\/Eric-MacPhail_cartaz_web.jpg\" alt=\"\" width=\"823\" height=\"1165\" srcset=\"https:\/\/www.epefrance.org\/wp-content\/uploads\/2022\/04\/Eric-MacPhail_cartaz_web.jpg 1190w, https:\/\/www.epefrance.org\/wp-content\/uploads\/2022\/04\/Eric-MacPhail_cartaz_web-212x300.jpg 212w, https:\/\/www.epefrance.org\/wp-content\/uploads\/2022\/04\/Eric-MacPhail_cartaz_web-724x1024.jpg 724w, https:\/\/www.epefrance.org\/wp-content\/uploads\/2022\/04\/Eric-MacPhail_cartaz_web-768x1087.jpg 768w, https:\/\/www.epefrance.org\/wp-content\/uploads\/2022\/04\/Eric-MacPhail_cartaz_web-1085x1536.jpg 1085w\" sizes=\"auto, (max-width: 823px) 100vw, 823px\" \/><\/a><\/div>\n","protected":false},"excerpt":{"rendered":"<p>La Chaire Cam\u00f5es en collaboration avec le d\u00e9partement de portugais de R2 vous invite \u00e0 la conf\u00e9rence d\u00e9bat : \u00c9rasme et la Censure des Livres, par Eric MacPhail, Indiana University qui aura lieu le\u00a011 avril 2022, 14h-15h30, salle Jacques L\u00e9onard, B\u00e2t. A \u00a0 \u00c9rasme et la Censure des Livres \u00a0 L\u2019Index librorum prohibitorum\u00a0promulgu\u00e9 par l\u2019\u00c9glise [&hellip;]<\/p>\n","protected":false},"author":4,"featured_media":5749,"comment_status":"closed","ping_status":"closed","sticky":false,"template":"","format":"standard","meta":{"_acf_changed":false,"footnotes":""},"categories":[15,1],"tags":[],"class_list":["post-5745","post","type-post","status-publish","format-standard","has-post-thumbnail","hentry","category-conferencia","category-non-classe"],"acf":[],"_links":{"self":[{"href":"https:\/\/www.epefrance.org\/fr\/wp-json\/wp\/v2\/posts\/5745","targetHints":{"allow":["GET"]}}],"collection":[{"href":"https:\/\/www.epefrance.org\/fr\/wp-json\/wp\/v2\/posts"}],"about":[{"href":"https:\/\/www.epefrance.org\/fr\/wp-json\/wp\/v2\/types\/post"}],"author":[{"embeddable":true,"href":"https:\/\/www.epefrance.org\/fr\/wp-json\/wp\/v2\/users\/4"}],"replies":[{"embeddable":true,"href":"https:\/\/www.epefrance.org\/fr\/wp-json\/wp\/v2\/comments?post=5745"}],"version-history":[{"count":4,"href":"https:\/\/www.epefrance.org\/fr\/wp-json\/wp\/v2\/posts\/5745\/revisions"}],"predecessor-version":[{"id":5751,"href":"https:\/\/www.epefrance.org\/fr\/wp-json\/wp\/v2\/posts\/5745\/revisions\/5751"}],"wp:featuredmedia":[{"embeddable":true,"href":"https:\/\/www.epefrance.org\/fr\/wp-json\/wp\/v2\/media\/5749"}],"wp:attachment":[{"href":"https:\/\/www.epefrance.org\/fr\/wp-json\/wp\/v2\/media?parent=5745"}],"wp:term":[{"taxonomy":"category","embeddable":true,"href":"https:\/\/www.epefrance.org\/fr\/wp-json\/wp\/v2\/categories?post=5745"},{"taxonomy":"post_tag","embeddable":true,"href":"https:\/\/www.epefrance.org\/fr\/wp-json\/wp\/v2\/tags?post=5745"}],"curies":[{"name":"wp","href":"https:\/\/api.w.org\/{rel}","templated":true}]}}