{"id":5786,"date":"2022-05-05T10:06:39","date_gmt":"2022-05-05T09:06:39","guid":{"rendered":"https:\/\/www.epefrance.org\/?p=5786"},"modified":"2022-05-05T10:14:33","modified_gmt":"2022-05-05T09:14:33","slug":"alunos-premiados-da-cepe-franca-no-2o-concurso-literario-contos-do-dia-mundial-da-lingua-portuguesa","status":"publish","type":"post","link":"https:\/\/www.epefrance.org\/fr\/dia-mundial-da-lingua-portuguesa\/alunos-premiados-da-cepe-franca-no-2o-concurso-literario-contos-do-dia-mundial-da-lingua-portuguesa\/","title":{"rendered":"Alunos premiados da CEPE Fran\u00e7a no 2\u00ba Concurso Liter\u00e1rio \u00ab\u00a0Contos do Dia Mundial da L\u00edngua Portuguesa\u00a0\u00bb"},"content":{"rendered":"<div><span style=\"font-family: georgia, palatino, serif; font-size: 12pt;\"><span lang=\"pt\">No \u00e2mbito da segunda edi\u00e7\u00e3o do <\/span><a href=\"https:\/\/mail.camoes.mne.pt\/owa\/redir.aspx?C=VOu4tmuxS6y1g-APLs7BRbuOQ5MgvjmgSjRlkcnD8Cs_ULNPci7aCA..&amp;URL=http%3a%2f%2fwww.portoeditora.pt%2fresponsive%2fnoticias%2fregulamento_concurso_4mai20_v2.pdf\" target=\"_blank\" rel=\"noopener noreferrer\"><span lang=\"pt\"><span style=\"color: windowtext;\">concurso liter\u00e1rio <\/span><span style=\"color: windowtext;\"><b><i>Contos do Dia Mundial da L\u00edngua Portuguesa<\/i><\/b><\/span><\/span><\/a><span lang=\"pt\">, promovido pela\u00a0<\/span><a href=\"https:\/\/mail.camoes.mne.pt\/owa\/redir.aspx?C=pnYr6hEpSyDr1erwHFpJeh9CEWuuqYfoJdiCECE4RmU_ULNPci7aCA..&amp;URL=https%3a%2f%2fwww.portoeditora.pt%2f\" target=\"_blank\" rel=\"noopener noreferrer\"><span lang=\"pt\"><span style=\"color: windowtext;\"><b>Porto Editora<\/b><\/span><span style=\"color: windowtext;\">,\u00a0<\/span><\/span><\/a><span lang=\"pt\"><b>Cam\u00f5es \u2013 Instituto da Coopera\u00e7\u00e3o e da L\u00edngua<\/b><\/span><span lang=\"pt\"> e <\/span><span lang=\"pt\"><b>Plano Nacional de Leitura,\u00a0<\/b><\/span><span lang=\"pt\">os alunos premiados foram:<\/span><\/span><\/div>\n<div><a href=\"https:\/\/www.epefrance.org\/wp-content\/uploads\/2022\/05\/Captura-de-ecra-2022-05-05-as-11.04.05.png\"><img loading=\"lazy\" decoding=\"async\" class=\"aligncenter wp-image-5787 size-full\" src=\"https:\/\/www.epefrance.org\/wp-content\/uploads\/2022\/05\/Captura-de-ecra-2022-05-05-as-11.04.05.png\" alt=\"\" width=\"1392\" height=\"528\" srcset=\"https:\/\/www.epefrance.org\/wp-content\/uploads\/2022\/05\/Captura-de-ecra-2022-05-05-as-11.04.05.png 1392w, https:\/\/www.epefrance.org\/wp-content\/uploads\/2022\/05\/Captura-de-ecra-2022-05-05-as-11.04.05-300x114.png 300w, https:\/\/www.epefrance.org\/wp-content\/uploads\/2022\/05\/Captura-de-ecra-2022-05-05-as-11.04.05-1024x388.png 1024w, https:\/\/www.epefrance.org\/wp-content\/uploads\/2022\/05\/Captura-de-ecra-2022-05-05-as-11.04.05-768x291.png 768w\" sizes=\"auto, (max-width: 1392px) 100vw, 1392px\" \/><\/a><\/div>\n","protected":false},"excerpt":{"rendered":"<p>No \u00e2mbito da segunda edi\u00e7\u00e3o do concurso liter\u00e1rio Contos do Dia Mundial da L\u00edngua Portuguesa, promovido pela\u00a0Porto Editora,\u00a0Cam\u00f5es \u2013 Instituto da Coopera\u00e7\u00e3o e da L\u00edngua e Plano Nacional de Leitura,\u00a0os alunos premiados foram:<\/p>\n","protected":false},"author":4,"featured_media":5790,"comment_status":"closed","ping_status":"closed","sticky":false,"template":"","format":"standard","meta":{"_acf_changed":false,"footnotes":""},"categories":[29],"tags":[],"class_list":["post-5786","post","type-post","status-publish","format-standard","has-post-thumbnail","hentry","category-dia-mundial-da-lingua-portuguesa"],"acf":[],"_links":{"self":[{"href":"https:\/\/www.epefrance.org\/fr\/wp-json\/wp\/v2\/posts\/5786","targetHints":{"allow":["GET"]}}],"collection":[{"href":"https:\/\/www.epefrance.org\/fr\/wp-json\/wp\/v2\/posts"}],"about":[{"href":"https:\/\/www.epefrance.org\/fr\/wp-json\/wp\/v2\/types\/post"}],"author":[{"embeddable":true,"href":"https:\/\/www.epefrance.org\/fr\/wp-json\/wp\/v2\/users\/4"}],"replies":[{"embeddable":true,"href":"https:\/\/www.epefrance.org\/fr\/wp-json\/wp\/v2\/comments?post=5786"}],"version-history":[{"count":2,"href":"https:\/\/www.epefrance.org\/fr\/wp-json\/wp\/v2\/posts\/5786\/revisions"}],"predecessor-version":[{"id":5796,"href":"https:\/\/www.epefrance.org\/fr\/wp-json\/wp\/v2\/posts\/5786\/revisions\/5796"}],"wp:featuredmedia":[{"embeddable":true,"href":"https:\/\/www.epefrance.org\/fr\/wp-json\/wp\/v2\/media\/5790"}],"wp:attachment":[{"href":"https:\/\/www.epefrance.org\/fr\/wp-json\/wp\/v2\/media?parent=5786"}],"wp:term":[{"taxonomy":"category","embeddable":true,"href":"https:\/\/www.epefrance.org\/fr\/wp-json\/wp\/v2\/categories?post=5786"},{"taxonomy":"post_tag","embeddable":true,"href":"https:\/\/www.epefrance.org\/fr\/wp-json\/wp\/v2\/tags?post=5786"}],"curies":[{"name":"wp","href":"https:\/\/api.w.org\/{rel}","templated":true}]}}