{"id":6048,"date":"2022-10-06T10:36:35","date_gmt":"2022-10-06T09:36:35","guid":{"rendered":"https:\/\/www.epefrance.org\/?p=6048"},"modified":"2022-10-06T10:53:17","modified_gmt":"2022-10-06T09:53:17","slug":"mia-couto-encontra-alunos-do-liceu-montaigne","status":"publish","type":"post","link":"https:\/\/www.epefrance.org\/fr\/noticia\/mia-couto-encontra-alunos-do-liceu-montaigne\/","title":{"rendered":"Mia Couto encontra-se com os alunos do Lyc\u00e9e Montaigne"},"content":{"rendered":"<p>Teve lugar no Coll\u00e8ge-Lyc\u00e9e Montaigne um encontro entre o escritor mo\u00e7ambicano Mia Couto e o conjunto dos alunos da Sec\u00e7\u00e3o Internacional Portuguesa. Estavam igualmente presentes um n\u00famero consider\u00e1vel de encarregados de educa\u00e7\u00e3o.<br \/>\nEsta confer\u00eancia foi poss\u00edvel gra\u00e7as \u00e0 colabora\u00e7\u00e3o dos docentes da SIP Montaigne com a associa\u00e7\u00e3o de pais da sec\u00e7\u00e3o (APESIP) e a livraria Chandeigne.\u00a0O autor fez um discurso introdutivo sobre a sua vida enquanto crian\u00e7a e estudante. Em seguida, os alunos tiveram a oportunidade de o questionar acerca do seu percurso e da sua obra.\u00a0No final da palestra o escritor deu uma sess\u00e3o de aut\u00f3grafos e tirou in\u00fameras fotografias com os estudantes.<a href=\"https:\/\/www.epefrance.org\/wp-content\/uploads\/2022\/10\/20221005_110356-scaled-e1665048768720.jpg\"><br \/>\n<\/a><a href=\"https:\/\/www.epefrance.org\/wp-content\/uploads\/2022\/10\/20221005_111408-scaled.jpg\"><img loading=\"lazy\" decoding=\"async\" class=\"wp-image-6051 aligncenter\" src=\"https:\/\/www.epefrance.org\/wp-content\/uploads\/2022\/10\/20221005_111408-scaled.jpg\" alt=\"\" width=\"400\" height=\"533\" srcset=\"https:\/\/www.epefrance.org\/wp-content\/uploads\/2022\/10\/20221005_111408-scaled.jpg 1920w, https:\/\/www.epefrance.org\/wp-content\/uploads\/2022\/10\/20221005_111408-225x300.jpg 225w, https:\/\/www.epefrance.org\/wp-content\/uploads\/2022\/10\/20221005_111408-768x1024.jpg 768w, https:\/\/www.epefrance.org\/wp-content\/uploads\/2022\/10\/20221005_111408-1152x1536.jpg 1152w, https:\/\/www.epefrance.org\/wp-content\/uploads\/2022\/10\/20221005_111408-1536x2048.jpg 1536w\" sizes=\"auto, (max-width: 400px) 100vw, 400px\" \/><\/a><\/p>\n<p><a href=\"https:\/\/www.epefrance.org\/wp-content\/uploads\/2022\/10\/20221005_110244-scaled-e1665048784808.jpg\"><img loading=\"lazy\" decoding=\"async\" class=\"wp-image-6052 aligncenter\" src=\"https:\/\/www.epefrance.org\/wp-content\/uploads\/2022\/10\/20221005_110244-scaled-e1665048784808.jpg\" alt=\"\" width=\"733\" height=\"549\" srcset=\"https:\/\/www.epefrance.org\/wp-content\/uploads\/2022\/10\/20221005_110244-scaled-e1665048784808.jpg 2560w, https:\/\/www.epefrance.org\/wp-content\/uploads\/2022\/10\/20221005_110244-scaled-e1665048784808-300x225.jpg 300w, https:\/\/www.epefrance.org\/wp-content\/uploads\/2022\/10\/20221005_110244-scaled-e1665048784808-1024x768.jpg 1024w, https:\/\/www.epefrance.org\/wp-content\/uploads\/2022\/10\/20221005_110244-scaled-e1665048784808-768x576.jpg 768w, https:\/\/www.epefrance.org\/wp-content\/uploads\/2022\/10\/20221005_110244-scaled-e1665048784808-1536x1152.jpg 1536w, https:\/\/www.epefrance.org\/wp-content\/uploads\/2022\/10\/20221005_110244-scaled-e1665048784808-2048x1536.jpg 2048w, https:\/\/www.epefrance.org\/wp-content\/uploads\/2022\/10\/20221005_110244-scaled-e1665048784808-326x245.jpg 326w, https:\/\/www.epefrance.org\/wp-content\/uploads\/2022\/10\/20221005_110244-scaled-e1665048784808-80x60.jpg 80w\" sizes=\"auto, (max-width: 733px) 100vw, 733px\" \/><\/a><\/p>\n<p>&nbsp;<\/p>\n<p style=\"text-align: right;\">Paris, 5 de outubro de 2022<br \/>\nCarlos Abreu, professor de hist\u00f3ria e de geografia da SIP Montaigne<\/p>\n<p style=\"text-align: right;\">\n","protected":false},"excerpt":{"rendered":"<p>Teve lugar no Coll\u00e8ge-Lyc\u00e9e Montaigne um encontro entre o escritor mo\u00e7ambicano Mia Couto e o conjunto dos alunos da Sec\u00e7\u00e3o Internacional Portuguesa. Estavam igualmente presentes um n\u00famero consider\u00e1vel de encarregados de educa\u00e7\u00e3o. Esta confer\u00eancia foi poss\u00edvel gra\u00e7as \u00e0 colabora\u00e7\u00e3o dos docentes da SIP Montaigne com a associa\u00e7\u00e3o de pais da sec\u00e7\u00e3o (APESIP) e a livraria [&hellip;]<\/p>\n","protected":false},"author":4,"featured_media":6050,"comment_status":"closed","ping_status":"closed","sticky":false,"template":"","format":"standard","meta":{"_acf_changed":false,"footnotes":""},"categories":[39],"tags":[],"class_list":["post-6048","post","type-post","status-publish","format-standard","has-post-thumbnail","hentry","category-noticia"],"acf":[],"_links":{"self":[{"href":"https:\/\/www.epefrance.org\/fr\/wp-json\/wp\/v2\/posts\/6048","targetHints":{"allow":["GET"]}}],"collection":[{"href":"https:\/\/www.epefrance.org\/fr\/wp-json\/wp\/v2\/posts"}],"about":[{"href":"https:\/\/www.epefrance.org\/fr\/wp-json\/wp\/v2\/types\/post"}],"author":[{"embeddable":true,"href":"https:\/\/www.epefrance.org\/fr\/wp-json\/wp\/v2\/users\/4"}],"replies":[{"embeddable":true,"href":"https:\/\/www.epefrance.org\/fr\/wp-json\/wp\/v2\/comments?post=6048"}],"version-history":[{"count":4,"href":"https:\/\/www.epefrance.org\/fr\/wp-json\/wp\/v2\/posts\/6048\/revisions"}],"predecessor-version":[{"id":6056,"href":"https:\/\/www.epefrance.org\/fr\/wp-json\/wp\/v2\/posts\/6048\/revisions\/6056"}],"wp:featuredmedia":[{"embeddable":true,"href":"https:\/\/www.epefrance.org\/fr\/wp-json\/wp\/v2\/media\/6050"}],"wp:attachment":[{"href":"https:\/\/www.epefrance.org\/fr\/wp-json\/wp\/v2\/media?parent=6048"}],"wp:term":[{"taxonomy":"category","embeddable":true,"href":"https:\/\/www.epefrance.org\/fr\/wp-json\/wp\/v2\/categories?post=6048"},{"taxonomy":"post_tag","embeddable":true,"href":"https:\/\/www.epefrance.org\/fr\/wp-json\/wp\/v2\/tags?post=6048"}],"curies":[{"name":"wp","href":"https:\/\/api.w.org\/{rel}","templated":true}]}}