{"id":6067,"date":"2022-10-11T11:44:09","date_gmt":"2022-10-11T10:44:09","guid":{"rendered":"https:\/\/www.epefrance.org\/?p=6067"},"modified":"2022-10-11T15:32:10","modified_gmt":"2022-10-11T14:32:10","slug":"forum-le-portugais-dans-les-hauts-de-france-panorama-et-perspectives-dune-langue-en-plein-essor","status":"publish","type":"post","link":"https:\/\/www.epefrance.org\/fr\/coloquio\/forum-le-portugais-dans-les-hauts-de-france-panorama-et-perspectives-dune-langue-en-plein-essor\/","title":{"rendered":"Forum \u00ab\u00a0Le portugais dans les Hauts-de-France : Panorama et perspectives d&rsquo;une Langue en plein essor\u00a0\u00bb"},"content":{"rendered":"<p>Le forum<strong> \u00ab\u00a0Le portugais dans les Hauts-de-France : Panorama et perspectives d&rsquo;une Langue en plein essor<\/strong>\u00a0\u00bb aura lieu\u00a0le <strong>19 octobre<\/strong> de 8h30 \u00e0 18h sur le campus Pont-de-Bois sous le haut patronage de son excellence l&rsquo;Ambassadeur du Portugal en France, Monsieur <strong>Jorge TORRES PEREIRA<\/strong>. Retrouvez l&rsquo;exposition <em>Potencial Econ\u00f3mico de Lingua Portuguesa<\/em> dans le hall du b\u00e2timent B, tout au long de la journ\u00e9e.<\/p>\n<p><strong>Toutes les infos sur<\/strong> : <a href=\"https:\/\/lcs.univ-lille.fr\/actualites-1\/detail-actualite\/le-portugais-dans-les-hauts-de-france?fbclid=IwAR2RGk8pywRPewWaBRIIM97nNqOgRcbhldPoVslsX07Bf7NC811S-j_33dY\" target=\"_blank\" rel=\"noopener\">https:\/\/lcs.univ-lille.fr\/actualites-1\/detail-actualite\/le-portugais-dans-les-hauts-de-france?fbclid=IwAR2RGk8pywRPewWaBRIIM97nNqOgRcbhldPoVslsX07Bf7NC811S-j_33dY<\/a><\/p>\n<p><strong>Inscriptions sur :\u00a0\u00a0<a href=\"https:\/\/forms.gle\/dZSgTgUU4DxQCZiC7\">https:\/\/forms.gle\/dZSgTgUU4DxQCZiC7<\/a><\/strong><\/p>\n<h2><a href=\"https:\/\/www.epefrance.org\/wp-content\/uploads\/2022\/10\/csm_affiche_portugais_VF_2_5c0880d91b.png\"><img loading=\"lazy\" decoding=\"async\" class=\"aligncenter wp-image-6071 \" src=\"https:\/\/www.epefrance.org\/wp-content\/uploads\/2022\/10\/csm_affiche_portugais_VF_2_5c0880d91b.png\" alt=\"\" width=\"612\" height=\"865\" srcset=\"https:\/\/www.epefrance.org\/wp-content\/uploads\/2022\/10\/csm_affiche_portugais_VF_2_5c0880d91b.png 800w, https:\/\/www.epefrance.org\/wp-content\/uploads\/2022\/10\/csm_affiche_portugais_VF_2_5c0880d91b-212x300.png 212w, https:\/\/www.epefrance.org\/wp-content\/uploads\/2022\/10\/csm_affiche_portugais_VF_2_5c0880d91b-724x1024.png 724w, https:\/\/www.epefrance.org\/wp-content\/uploads\/2022\/10\/csm_affiche_portugais_VF_2_5c0880d91b-768x1086.png 768w\" sizes=\"auto, (max-width: 612px) 100vw, 612px\" \/><\/a><\/h2>\n<h2><span style=\"color: #b50000;\"><strong>Au programme:<\/strong><\/span><\/h2>\n<h4><strong>Matin (Amphi B7) :\u00a0<\/strong><\/h4>\n<p><strong>8h30<\/strong> \u2013 Accueil des participants<\/p>\n<p>Mod\u00e9rateur : M. Lu\u00eds SOBREIRA (Section de Portugais, Universit\u00e9 de Lille)<\/p>\n<p><strong>9h00-9h15<\/strong> \u2013 <strong><em>Ouverture<\/em><\/strong><\/p>\n<p>Mme Nil TOULOUSE (Vice-pr\u00e9sidente Affaires internationales et Europe de l\u2019Universit\u00e9 de Lille)<\/p>\n<p>Mme Tatiana MILLIARESSI (Directrice du d\u00e9partement d\u2019\u00c9tudes Romanes, Slaves et Orientales de la Facult\u00e9 Langues, Cultures et Soci\u00e9t\u00e9s de l\u2019Universit\u00e9 de Lille)<\/p>\n<p>M. Bruno CAVACO (Consul honoraire du Portugal \u00e0 Lille, Pr\u00e9sident du Comit\u00e9 France-Portugal Hauts-de-France)<\/p>\n<p><strong>9h15-10h00<\/strong> \u2013 <strong><em>Conf\u00e9rence inaugurale<\/em><\/strong><\/p>\n<p>Mme Ana Paula ARNAUT (Universit\u00e9 de Coimbra)<\/p>\n<p><em>Lorsque l&rsquo;intime d\u00e9tail compte pour l'(H)histoire\u00a0: voyage(s) autour de la fiction de Jos\u00e9 Saramago<\/em>, hommage \u00e0 Jos\u00e9 Saramago, \u00e0 l\u2019occasion du centenaire de la naissance du Prix Nobel de Litt\u00e9rature<\/p>\n<p><strong>10h00-10h30<\/strong> \u2013 <strong>Conf\u00e9rence<\/strong>\u00a0<strong><em>La Langue Portugaise dans le Monde<\/em><\/strong><\/p>\n<p>M. Jo\u00e3o L. NEVES (Direction Cam\u00f5es, Instituto da Coopera\u00e7\u00e3o e da L\u00edngua, I.P)<\/p>\n<p><strong>10h30-10h45<\/strong> \u2013 Pause caf\u00e9<\/p>\n<p><strong>10h45-11h45<\/strong> \u2013 <strong><em>L\u2019enseignement du Portugais en France\u00a0: le cas des Hauts-de-France<\/em><\/strong><\/p>\n<p>Mme Olinda PIRES (Charg\u00e9e de mission \u00e0 l\u2019IGESR pour le Portugais \u2013 Minist\u00e8re de l\u2019\u00c9ducation)<\/p>\n<p>M. Fernando AMORIM (Inspecteur P\u00e9dagogique R\u00e9gional en charge pour le Portugais dans les Hauts-de-France)<\/p>\n<p>Mme Adelaide CRIST\u00d3V\u00c3O(Coordinatrice de l\u2019Enseignement Portugais en France \u2013 Cam\u00f5es, I.P. et Ambassade du Portugal \u00e0 Paris)<\/p>\n<p><strong>12h00-12h45 <\/strong><strong>\u2013 <\/strong><strong><em>Reconnaissance et validation des acquis\u00a0: certifications en langue portugaise<\/em><\/strong><\/p>\n<p><strong><em>Certifications portugaises\u00a0: EPE \/ Cam\u00f5es J\u00fanior \/ CAPLE\u00a0<\/em>:<\/strong> Mme Adelaide CRIST\u00d3V\u00c3O(Coordinatrice de l\u2019Enseignement Portugais en France \u2013 Cam\u00f5es, I.P. \u2013 Ambassade du Portugal)<\/p>\n<p><strong><em>Certification br\u00e9silienne\u00a0: <\/em>Celpe-Bras\u00a0: <\/strong>M. Alexandre FERREIRA MARTINS (Hankuk University of Foreign Studies, S\u00e9oul, Cor\u00e9e du Sud)<\/p>\n<p><strong><em>Certification fran\u00e7aise\u00a0:<\/em> CLES\u00a0:<\/strong> M. Eduardo GARGIONI (Universit\u00e9 de Lille)<\/p>\n<p><strong>12h45-14h30<\/strong> \u2013 Pause d\u00e9jeuner<\/p>\n<h4><strong>Apr\u00e8s-midi (Salle des Conseils) :\u00a0<\/strong><\/h4>\n<p>Mod\u00e9rateurs\u00a0: M. Jos\u00e9 FREITAS (Radio Alpha) et M. Lu\u00eds SOBREIRA (Universit\u00e9 de Lille)<\/p>\n<p><strong>14h30-17h30 \u2013 <\/strong><strong><em>Le Portugais dans les Hauts-de-France<\/em><\/strong><\/p>\n<p><strong>14h30-15h10 \u2013<\/strong><strong>Table Ronde 1<\/strong>\u00a0: <strong><em>T\u00e9moignages d\u2019enseignants<\/em><\/strong><\/p>\n<p>Mme Ana DA SILVA ROCHA (Lyc\u00e9e Montebello)<\/p>\n<p>Mme Sylvie MOREL (Universit\u00e9 de Lille)<\/p>\n<p>M. Eduardo GARGIONI (\u00c9coles de Commerce, IESEG, Skema, ULille, U. Catholique de Lille, association La Barraca Zem\u2026)<\/p>\n<p>Mme Fernanda COELHO (Skema)<\/p>\n<p>Mme Elisabeth SUZANA (U. Catholique de Lille)<\/p>\n<p><strong>15h10-15h50 \u2013 <\/strong><strong>Table Ronde 2<\/strong>\u00a0: <strong><em>Exemples de mobilit\u00e9\u00a0et de coop\u00e9rations<\/em><\/strong><\/p>\n<p>Mme Nil TOULOUSE (Universit\u00e9 de Lille)<\/p>\n<p>Mme Paula DE JESUS (Lyc\u00e9e Jean Moulin)<\/p>\n<p>M. Jo\u00e3o TEIXEIRA et M. Tiago SOARES (ONG KASA &#8211; PT)<\/p>\n<p>Mme H\u00e9l\u00e8ne DURANTON (Skema)<\/p>\n<p>\u00c9tudiants<\/p>\n<p><strong>15h50-16h30 \u2013 <\/strong><strong>Table Ronde 3\u00a0<\/strong>: <strong><em>Le point de vue des associations<\/em><\/strong><\/p>\n<p>M. Arthur GON\u00c7ALVES (Casa du Portugal)<\/p>\n<p>M. Eduardo GARGIONI (La Barraca Zem)<\/p>\n<p>Mme Jocelene KREVORUCZKA (Envol Brasil)<\/p>\n<p>M. Jo\u00e3o TEIXEIRA et M. Tiago SOARES (ONG KASA &#8211; PT)<\/p>\n<p><strong>16h30-16h45 \u2013<\/strong><strong><em>Les \u00e9tudes sup\u00e9rieures : la section de Portugais de l&rsquo;Universit\u00e9 de Lille<\/em><\/strong><\/p>\n<p>M. Lu\u00eds SOBREIRA<\/p>\n<p><strong>16h45-17h30 \u2013 <\/strong><strong><em>D\u00e9bat avec le public <\/em><\/strong><\/p>\n<p class=\"cadre-couleur-gris\"><strong>Comit\u00e9 d\u2019organisation<\/strong><\/p>\n<p>Adelaide CRIST\u00d3V\u00c3O,Coordinatrice de l\u2019Enseignement Portugais en France \u2013 Cam\u00f5es, I.P. et\u00a0 Ambassade du Portugal \u00e0 Paris<\/p>\n<p>Paula DE JESUS, Lyc\u00e9e Jean Moulin<\/p>\n<p>Sarah DURIEUX, Responsable des Relations Internationales de la Facult\u00e9 Langues, Cultures et Soci\u00e9t\u00e9s de l\u2019Universit\u00e9 de Lille<\/p>\n<p>Jaquelina FONSECA, Premi\u00e8re Vice-pr\u00e9sidente du Comit\u00e9 France-Portugal Hauts-de-France<\/p>\n<p>Eduardo GARGIONI, Section de Portugais de l\u2019Universit\u00e9 de Lille<\/p>\n<p>Liliane SANTOS, Section de Portugais de l\u2019Universit\u00e9 de Lille<\/p>\n<p>Lu\u00eds SOBREIRA, Section de Portugais de l\u2019Universit\u00e9 de Lille<\/p>\n","protected":false},"excerpt":{"rendered":"<p>Le forum \u00ab\u00a0Le portugais dans les Hauts-de-France : Panorama et perspectives d&rsquo;une Langue en plein essor\u00a0\u00bb aura lieu\u00a0le 19 octobre de 8h30 \u00e0 18h sur le campus Pont-de-Bois sous le haut patronage de son excellence l&rsquo;Ambassadeur du Portugal en France, Monsieur Jorge TORRES PEREIRA. Retrouvez l&rsquo;exposition Potencial Econ\u00f3mico de Lingua Portuguesa dans le hall du [&hellip;]<\/p>\n","protected":false},"author":4,"featured_media":6074,"comment_status":"closed","ping_status":"closed","sticky":false,"template":"","format":"standard","meta":{"_acf_changed":false,"footnotes":""},"categories":[27],"tags":[],"class_list":["post-6067","post","type-post","status-publish","format-standard","has-post-thumbnail","hentry","category-coloquio"],"acf":[],"_links":{"self":[{"href":"https:\/\/www.epefrance.org\/fr\/wp-json\/wp\/v2\/posts\/6067","targetHints":{"allow":["GET"]}}],"collection":[{"href":"https:\/\/www.epefrance.org\/fr\/wp-json\/wp\/v2\/posts"}],"about":[{"href":"https:\/\/www.epefrance.org\/fr\/wp-json\/wp\/v2\/types\/post"}],"author":[{"embeddable":true,"href":"https:\/\/www.epefrance.org\/fr\/wp-json\/wp\/v2\/users\/4"}],"replies":[{"embeddable":true,"href":"https:\/\/www.epefrance.org\/fr\/wp-json\/wp\/v2\/comments?post=6067"}],"version-history":[{"count":4,"href":"https:\/\/www.epefrance.org\/fr\/wp-json\/wp\/v2\/posts\/6067\/revisions"}],"predecessor-version":[{"id":6075,"href":"https:\/\/www.epefrance.org\/fr\/wp-json\/wp\/v2\/posts\/6067\/revisions\/6075"}],"wp:featuredmedia":[{"embeddable":true,"href":"https:\/\/www.epefrance.org\/fr\/wp-json\/wp\/v2\/media\/6074"}],"wp:attachment":[{"href":"https:\/\/www.epefrance.org\/fr\/wp-json\/wp\/v2\/media?parent=6067"}],"wp:term":[{"taxonomy":"category","embeddable":true,"href":"https:\/\/www.epefrance.org\/fr\/wp-json\/wp\/v2\/categories?post=6067"},{"taxonomy":"post_tag","embeddable":true,"href":"https:\/\/www.epefrance.org\/fr\/wp-json\/wp\/v2\/tags?post=6067"}],"curies":[{"name":"wp","href":"https:\/\/api.w.org\/{rel}","templated":true}]}}