{"id":6161,"date":"2023-01-03T19:31:07","date_gmt":"2023-01-03T18:31:07","guid":{"rendered":"https:\/\/www.epefrance.org\/?p=6161"},"modified":"2023-03-16T10:29:40","modified_gmt":"2023-03-16T10:29:40","slug":"concurso-contos-do-dia-mundial-da-lingua-portuguesa-3-a-edicao","status":"publish","type":"post","link":"https:\/\/www.epefrance.org\/fr\/concurso\/concurso-contos-do-dia-mundial-da-lingua-portuguesa-3-a-edicao\/","title":{"rendered":"Concurso \u00abContos do Dia Mundial da L\u00edngua Portuguesa\u00bb &#8211; 3.\u00aa Edi\u00e7\u00e3o"},"content":{"rendered":"<div><span style=\"font-family: georgia, palatino, serif; font-size: small; color: #000000;\"><span style=\"font-size: medium;\"><span lang=\"pt\">Est\u00e1 de volta o concurso \u00abContos do Dia Mundial da L\u00edngua Portuguesa\u00bb, uma iniciativa da Porto Editora, em articula\u00e7\u00e3o com o Cam\u00f5es, I.P., e o PNL2027.<\/span><\/span><\/span><\/div>\n<div><span style=\"font-family: georgia, palatino, serif; font-size: small; color: #000000;\"><span style=\"font-size: medium;\"><span lang=\"pt\">&nbsp;<\/span><\/span><\/span><\/div>\n<div><span style=\"font-family: georgia, palatino, serif; font-size: small; color: #000000;\"><span style=\"font-size: medium;\"><span lang=\"pt\">At\u00e9 28 de fevereiro de 2023, desafiamos os milhares de alunos da rede do Cam\u00f5es, I.P., que frequentam cursos de portugu\u00eas por todo o mundo (rede de Ensino Portugu\u00eas no Estrangeiro, leitorados, universidades, Centros de L\u00edngua Portuguesa) a escrever um conto in\u00e9dito na nossa l\u00edngua.<\/span><\/span><\/span><\/div>\n<div><span style=\"font-family: georgia, palatino, serif; font-size: small; color: #000000;\"><span style=\"font-size: medium;\"><span lang=\"pt\">&nbsp;<\/span><\/span><\/span><\/div>\n<div><span style=\"font-family: georgia, palatino, serif; font-size: small; color: #000000;\"><span style=\"font-size: medium;\"><span lang=\"pt\">Esta terceira edi\u00e7\u00e3o tem como padrinho o escritor Valter Hugo M\u00e3e e como temas \u00abO que significam 100 anos na mem\u00f3ria coletiva?\u00bb e \u00abUm mundo melhor para todos: sustentabilidade e altera\u00e7\u00f5es clim\u00e1ticas\u00bb, dando liberdade de escolha aos candidatos.<\/span><\/span><\/span><\/div>\n<div><span style=\"font-family: georgia, palatino, serif; font-size: small; color: #000000;\"><span style=\"font-size: medium;\"><span lang=\"pt\">&nbsp;<\/span><\/span><\/span><\/div>\n<div><span style=\"font-family: georgia, palatino, serif; font-size: small;\"><span style=\"color: #548235; font-size: large;\"><span lang=\"pt\">Consulte aqui o <\/span><\/span><a href=\"https:\/\/www.portoeditora.pt\/responsive\/newsletters\/nl-concurso-contos-literarios2022\/RegulamentoCDMLP-25nov22.pdf?utm_source=newsletterEP-PARCERIAS&amp;utm_medium=email&amp;utm_campaign=24948_EPE-PARC&amp;utm_content=_20221221+-+Pr\u00e9mio+Contos+do+Dia+Mundial+da+L%C3%ADngua+-+Prof+EPE&amp;utm_term=33212&amp;m_i=RD%2B_mfc_9oLMQwC53XnH6nEgJMKmNSYMV6IPfF1gtv1R50sYRe1rzZ4GrhuTWSBB4yZqB9vdMhoEavGvzYTL6jBazekRR5\" target=\"_blank\" rel=\"noopener\"><span style=\"font-size: large;\"><span lang=\"pt\"><b><span style=\"color: #548235;\">regulamento<\/span><\/b><\/span><\/span><\/a><\/span><\/div>\n<div><span style=\"font-family: georgia, palatino, serif; font-size: small;\"><span style=\"color: #548235; font-size: large;\"><span lang=\"pt\">&nbsp;<\/span><\/span><\/span><\/div>\n<div><span style=\"color: #000000; font-family: georgia, palatino, serif;\">Os contos vencedores ser\u00e3o anunciados nas celebra\u00e7\u00f5es do Dia Mundial da L\u00edngua Portuguesa, a 5 de maio de 2023.<\/span><\/div>\n<div><\/div>\n<div style=\"text-align: right;\"><em>Porto Editora<\/em><\/div>\n","protected":false},"excerpt":{"rendered":"<p>Est\u00e1 de volta o concurso \u00abContos do Dia Mundial da L\u00edngua Portuguesa\u00bb, uma iniciativa da Porto Editora, em articula\u00e7\u00e3o com o Cam\u00f5es, I.P., e o PNL2027. &nbsp; At\u00e9 28 de fevereiro de 2023, desafiamos os milhares de alunos da rede do Cam\u00f5es, I.P., que frequentam cursos de portugu\u00eas por todo o mundo (rede de Ensino [&hellip;]<\/p>\n","protected":false},"author":4,"featured_media":6162,"comment_status":"closed","ping_status":"closed","sticky":false,"template":"","format":"standard","meta":{"_acf_changed":false,"footnotes":""},"categories":[8],"tags":[],"class_list":["post-6161","post","type-post","status-publish","format-standard","has-post-thumbnail","hentry","category-concurso"],"acf":[],"_links":{"self":[{"href":"https:\/\/www.epefrance.org\/fr\/wp-json\/wp\/v2\/posts\/6161","targetHints":{"allow":["GET"]}}],"collection":[{"href":"https:\/\/www.epefrance.org\/fr\/wp-json\/wp\/v2\/posts"}],"about":[{"href":"https:\/\/www.epefrance.org\/fr\/wp-json\/wp\/v2\/types\/post"}],"author":[{"embeddable":true,"href":"https:\/\/www.epefrance.org\/fr\/wp-json\/wp\/v2\/users\/4"}],"replies":[{"embeddable":true,"href":"https:\/\/www.epefrance.org\/fr\/wp-json\/wp\/v2\/comments?post=6161"}],"version-history":[{"count":7,"href":"https:\/\/www.epefrance.org\/fr\/wp-json\/wp\/v2\/posts\/6161\/revisions"}],"predecessor-version":[{"id":6339,"href":"https:\/\/www.epefrance.org\/fr\/wp-json\/wp\/v2\/posts\/6161\/revisions\/6339"}],"wp:featuredmedia":[{"embeddable":true,"href":"https:\/\/www.epefrance.org\/fr\/wp-json\/wp\/v2\/media\/6162"}],"wp:attachment":[{"href":"https:\/\/www.epefrance.org\/fr\/wp-json\/wp\/v2\/media?parent=6161"}],"wp:term":[{"taxonomy":"category","embeddable":true,"href":"https:\/\/www.epefrance.org\/fr\/wp-json\/wp\/v2\/categories?post=6161"},{"taxonomy":"post_tag","embeddable":true,"href":"https:\/\/www.epefrance.org\/fr\/wp-json\/wp\/v2\/tags?post=6161"}],"curies":[{"name":"wp","href":"https:\/\/api.w.org\/{rel}","templated":true}]}}